{"id":75877,"date":"2020-02-12T13:04:01","date_gmt":"2020-02-12T18:04:01","guid":{"rendered":"https:\/\/linitiative.ca\/International\/semaine-de-la-culture-et-de-lhistoire-coup-denvoi-de-la-20e-edition\/"},"modified":"2020-02-12T13:04:01","modified_gmt":"2020-02-12T18:04:01","slug":"semaine-de-la-culture-et-de-lhistoire-coup-denvoi-de-la-20e-edition","status":"publish","type":"post","link":"https:\/\/linitiative.ca\/International\/semaine-de-la-culture-et-de-lhistoire-coup-denvoi-de-la-20e-edition\/","title":{"rendered":"Semaine de la culture et de l&rsquo;histoire: coup d&rsquo;envoi de la 20e \u00e9dition"},"content":{"rendered":"<div>\n<div class=\"K2FeedImage\"><img decoding=\"async\" src=\"http:\/\/www.aps.dz\/media\/k2\/items\/cache\/748655f277e0abdb12fef9ecc802af20_S.jpg\" alt=\"Semaine de la culture et de l'histoire: coup d'envoi de la 20e \u00e9dition\"><\/div>\n<div class=\"K2FeedIntroText\">\n<p><strong>ALGER- La 20e \u00e9dition de la Semaine de la culture et de l&rsquo;histoire a \u00e9t\u00e9 lanc\u00e9e, mardi au Palais de la Culture Moufdi-Zakaria (Alger), une manifestation qui entre dans le cadre de la comm\u00e9moration de la Journ\u00e9e nationale du Chahid,Organis\u00e9e par l&rsquo;Association Mecha\u00e2l Echahid sous le slogan \u00ab\u00a0Fid\u00e9lit\u00e9 de l&rsquo;ANP aux martyrs de la Guerre de Lib\u00e9ration Nationale\u00a0\u00bb, cette manifestation englobe plusieurs conf\u00e9rences et activit\u00e9s visant la transmission du message des Chouhada aux g\u00e9n\u00e9rations de l&rsquo;ind\u00e9pendance et la pr\u00e9servation de la m\u00e9moire nationale.<\/strong><\/p>\n<\/div>\n<div class=\"K2FeedFullText\">\n<p>A l&rsquo;occasion, le Conseiller \u00e0 la Pr\u00e9sidence de la R\u00e9publique, charg\u00e9 de la soci\u00e9t\u00e9 civile, Aissa Belakhdar a salu\u00e9 cette tradition perp\u00e9tu\u00e9e par l&rsquo;Association Mecha\u00e2l Echahid, appelant \u00e0 la cons\u00e9cration du message des Chouada aupr\u00e8s des g\u00e9n\u00e9rations montantes.<\/p>\n<p>\u00ab\u00a0La nouvelle Alg\u00e9rie, sous la conduite du Pr\u00e9sident Abdelmadjid Tebboune connait une r\u00e9volution sereine, \u00e0 commencer par la pr\u00e9paration d&rsquo;amendement constitutionnel et l&rsquo;ouverture sur les acteurs de la sc\u00e8ne nationale, partis politiques et soci\u00e9t\u00e9 civile\u00a0\u00bb, a t-il ajout\u00e9 dans le m\u00eame contexte.<\/p>\n<hr>\n<h3>Lire aussi: <a href=\"http:\/\/www.aps.dz\/culture\/101346-le-nom-du-penseur-malek-chebel-sera-donne-au-palais-de-la-culture-de-skikda\" target=\"_blank\" rel=\"noopener noreferrer\">Le nom du penseur Malek Chebel sera donn\u00e9 au palais de la Culture de Skikda<\/a><\/h3>\n<hr>\n<p>Par ailleurs, l&rsquo;enseignant universitaire Mohamed Lahcen Zeghidi a rappel\u00e9, dans une intervention, que le soutien populaire \u00e0 l&rsquo;Arm\u00e9e de Lib\u00e9ration nationale (ALN) \u00ab\u00a0ne date pas de 1954 (date du d\u00e9clenchement de la Guerre de Lib\u00e9ration Nationale), mais de l&rsquo;\u00e9poque o\u00f9 l&rsquo;occupation fran\u00e7aise a foul\u00e9 le sol de l&rsquo;Alg\u00e9rie en 1830\u00a0\u00bb, ajoutant que \u00ab\u00a0la composante de l&rsquo;ANP est faite des enfants du m\u00eame peuple \u00e0 tel point que la diff\u00e9rence entre ses \u00e9l\u00e9ments et le reste du peuple ne r\u00e9side que dans l&rsquo;uniforme\u00a0\u00bb.<\/p>\n<blockquote>\n<p><strong><em>Soulignant le lien \u00ab\u00a0compl\u00e9mentaire et organique\u00a0\u00bb entre le peuple et son Arm\u00e9e, il a rappel\u00e9 que le peuple a \u00e9t\u00e9 \u00ab\u00a0un appui fort\u00a0\u00bb \u00e0 l&rsquo;ALN dans toutes les batailles men\u00e9es contre le colonisateur fran\u00e7ais, notamment \u00e0 travers les manifestations et les gr\u00e8ves organis\u00e9es \u00e0 travers les diff\u00e9rentes r\u00e9gions du pays\u00a0\u00bb.<\/em><\/strong><\/p>\n<\/blockquote>\n<p>La Semaine de la culture et de l&rsquo;histoire qui se poursuivra jusqu&rsquo;au 20 de f\u00e9vrier courant, sera ponctu\u00e9e par des r\u00e9citals de po\u00e9sie, des repr\u00e9sentations de th\u00e9\u00e2tre et de chants patriotiques, comm\u00e9morant les hauts faits des artisans de la R\u00e9volution.<\/p>\n<\/div>\n<\/div>\n<p>Auteur:<br \/>\n<a href=\"http:\/\/www.aps.dz\/culture\/101523-semaine-de-la-culture-et-de-l-histoire-coup-d-envoi-de-la-20e-edition-au-palais-moufdi-zakaria\">Cliquez ici pour lire l&rsquo;article depuis sa source.<\/a><\/p>\n","protected":false},"excerpt":{"rendered":"<p>ALGER- La 20e \u00e9dition de la Semaine de la culture et de l&rsquo;histoire a \u00e9t\u00e9 lanc\u00e9e, mardi au Palais de la Culture Moufdi-Zakaria (Alger), une manifestation qui entre dans le cadre de la comm\u00e9moration de la Journ\u00e9e nationale du Chahid,Organis\u00e9e par l&rsquo;Association Mecha\u00e2l Echahid sous le slogan \u00ab\u00a0Fid\u00e9lit\u00e9 de l&rsquo;ANP aux martyrs de la Guerre [&hellip;]<\/p>\n","protected":false},"author":1790,"featured_media":75878,"comment_status":"closed","ping_status":"closed","sticky":false,"template":"","format":"standard","meta":{"fifu_image_url":"","fifu_image_alt":"","footnotes":""},"categories":[53,79],"tags":[],"class_list":["post-75877","post","type-post","status-publish","format-standard","has-post-thumbnail","hentry","category-algerie","category-culture"],"_links":{"self":[{"href":"https:\/\/linitiative.ca\/International\/wp-json\/wp\/v2\/posts\/75877","targetHints":{"allow":["GET"]}}],"collection":[{"href":"https:\/\/linitiative.ca\/International\/wp-json\/wp\/v2\/posts"}],"about":[{"href":"https:\/\/linitiative.ca\/International\/wp-json\/wp\/v2\/types\/post"}],"author":[{"embeddable":true,"href":"https:\/\/linitiative.ca\/International\/wp-json\/wp\/v2\/users\/1790"}],"replies":[{"embeddable":true,"href":"https:\/\/linitiative.ca\/International\/wp-json\/wp\/v2\/comments?post=75877"}],"version-history":[{"count":0,"href":"https:\/\/linitiative.ca\/International\/wp-json\/wp\/v2\/posts\/75877\/revisions"}],"wp:featuredmedia":[{"embeddable":true,"href":"https:\/\/linitiative.ca\/International\/wp-json\/"}],"wp:attachment":[{"href":"https:\/\/linitiative.ca\/International\/wp-json\/wp\/v2\/media?parent=75877"}],"wp:term":[{"taxonomy":"category","embeddable":true,"href":"https:\/\/linitiative.ca\/International\/wp-json\/wp\/v2\/categories?post=75877"},{"taxonomy":"post_tag","embeddable":true,"href":"https:\/\/linitiative.ca\/International\/wp-json\/wp\/v2\/tags?post=75877"}],"curies":[{"name":"wp","href":"https:\/\/api.w.org\/{rel}","templated":true}]}}