{"id":75879,"date":"2020-02-12T13:04:02","date_gmt":"2020-02-12T18:04:02","guid":{"rendered":"https:\/\/linitiative.ca\/International\/premieres-journees-cinematographiques-a-khenchela-dix-films-historiques-sur-la-revolution-au-programme\/"},"modified":"2020-02-12T13:04:02","modified_gmt":"2020-02-12T18:04:02","slug":"premieres-journees-cinematographiques-a-khenchela-dix-films-historiques-sur-la-revolution-au-programme","status":"publish","type":"post","link":"https:\/\/linitiative.ca\/International\/premieres-journees-cinematographiques-a-khenchela-dix-films-historiques-sur-la-revolution-au-programme\/","title":{"rendered":"Premi\u00e8res journ\u00e9es cin\u00e9matographiques \u00e0 Khenchela : dix films historiques sur la r\u00e9volution au programme"},"content":{"rendered":"<div>\n<div class=\"K2FeedImage\"><img decoding=\"async\" src=\"http:\/\/www.aps.dz\/media\/k2\/items\/cache\/32c29e205d69f60b1398485867c84d0f_S.jpg\" alt=\"Premi\u00e8res journ\u00e9es cin\u00e9matographiques \u00e0 Khenchela : dix films historiques sur la r\u00e9volution au programme\"><\/div>\n<div class=\"K2FeedIntroText\">\n<p><strong>KHENCHELA- Dix (10) films sur la R\u00e9volution de lib\u00e9ration seront pr\u00e9sent\u00e9s \u00e0 l\u2019occasion des premi\u00e8res journ\u00e9es cin\u00e9matographiques de Khenchela, pr\u00e9vues du 18 au 22 f\u00e9vrier courant, a-t-on appris mercredi aupr\u00e8s de la direction de la maison de la culture Ali Soua\u00efhi, organisatrice de l\u2019\u00e9v\u00e8nement.<\/strong><\/p>\n<\/div>\n<div class=\"K2FeedFullText\">\n<p>La tenue de cette manifestation plac\u00e9e sous le slogan \u00ab\u00a0la r\u00e9volution lib\u00e9ratrice dans les yeux du cin\u00e9ma alg\u00e9rien\u00a0\u00bb co\u00efncidera avec les festivit\u00e9s comm\u00e9moratives de la journ\u00e9e nationale du chahid et donnera lieu\u00a0\u00e0 la projection de films anciens et nouveaux dont \u00ab\u00a0La bataille d\u2019Alger\u00a0\u00bb, \u00ab\u00a0L\u2019opium et le b\u00e2ton\u00a0\u00bb, \u00ab\u00a0Patrouille vers l\u2019Est\u00a0\u00bb, \u00ab\u00a0Lamb\u00e8se\u00a0\u00bb, \u00ab\u00a0Le colonel Lotfi\u00a0\u00bb et \u00ab\u00a0Mustapha Benboula\u00efd\u00a0\u00bb, a indiqu\u00e9 le directeur de la maison de la culture, Noureddine Kouider.<\/p>\n<blockquote>\n<p><em><strong>Dans le cadre de la promotion de la culture de proximit\u00e9, des films seront pr\u00e9sent\u00e9s au public de plusieurs communes de la wilaya avec la programmation de \u00ab\u00a0Zabana\u00a0\u00bb \u00e0 Tamza le 19 f\u00e9vrier, \u00ab\u00a0Le puits\u00a0\u00bb \u00e0 Ka\u00efs le 20\u00a0f\u00e9vrier et \u00ab\u00a0Un pont vers la vie\u00a0\u00bb \u00e0 Chechar le 21 f\u00e9vrier, a indiqu\u00e9 le m\u00eame responsable.<\/strong><\/em><\/p>\n<\/blockquote>\n<p>Des conf\u00e9rences sur la production cin\u00e9matographique nationale et des ateliers de formation portant sur la r\u00e9daction de sc\u00e9narios, le tournage et l\u2019art du com\u00e9dien figurent au programme de ces journ\u00e9es organis\u00e9es avec le concours du Centre national de la cin\u00e9mathographie et de l\u2019audiovisuel, a indiqu\u00e9 M. Kouider.<\/p>\n<p>Le public aura l\u2019occasion de rencontrer durant la manifestation des r\u00e9alisateurs dont Ahmed Rachedi et des com\u00e9diens comme Ahmed Bena\u00efssa, Chaouki Bouzid et Hassan Allaoua, a indiqu\u00e9 le directeur de la maison de la culture qui a assur\u00e9 qu\u2019un hommage sera rendu au cin\u00e9aste natif de\u00a0Khenchela, Amor Hakkar pour sa contribution au cin\u00e9ma alg\u00e9rien.<\/p>\n<\/div>\n<\/div>\n<p>Auteur:<br \/>\n<a href=\"http:\/\/www.aps.dz\/culture\/101546-premieres-journees-cinematographiques-a-khenchela-dix-films-historiques-sur-la-revolution-au-programme\">Cliquez ici pour lire l&rsquo;article depuis sa source.<\/a><\/p>\n","protected":false},"excerpt":{"rendered":"<p>KHENCHELA- Dix (10) films sur la R\u00e9volution de lib\u00e9ration seront pr\u00e9sent\u00e9s \u00e0 l\u2019occasion des premi\u00e8res journ\u00e9es cin\u00e9matographiques de Khenchela, pr\u00e9vues du 18 au 22 f\u00e9vrier courant, a-t-on appris mercredi aupr\u00e8s de la direction de la maison de la culture Ali Soua\u00efhi, organisatrice de l\u2019\u00e9v\u00e8nement. La tenue de cette manifestation plac\u00e9e sous le slogan \u00ab\u00a0la r\u00e9volution [&hellip;]<\/p>\n","protected":false},"author":1790,"featured_media":75880,"comment_status":"closed","ping_status":"closed","sticky":false,"template":"","format":"standard","meta":{"fifu_image_url":"","fifu_image_alt":"","footnotes":""},"categories":[53,79],"tags":[],"class_list":["post-75879","post","type-post","status-publish","format-standard","has-post-thumbnail","hentry","category-algerie","category-culture"],"_links":{"self":[{"href":"https:\/\/linitiative.ca\/International\/wp-json\/wp\/v2\/posts\/75879","targetHints":{"allow":["GET"]}}],"collection":[{"href":"https:\/\/linitiative.ca\/International\/wp-json\/wp\/v2\/posts"}],"about":[{"href":"https:\/\/linitiative.ca\/International\/wp-json\/wp\/v2\/types\/post"}],"author":[{"embeddable":true,"href":"https:\/\/linitiative.ca\/International\/wp-json\/wp\/v2\/users\/1790"}],"replies":[{"embeddable":true,"href":"https:\/\/linitiative.ca\/International\/wp-json\/wp\/v2\/comments?post=75879"}],"version-history":[{"count":0,"href":"https:\/\/linitiative.ca\/International\/wp-json\/wp\/v2\/posts\/75879\/revisions"}],"wp:featuredmedia":[{"embeddable":true,"href":"https:\/\/linitiative.ca\/International\/wp-json\/"}],"wp:attachment":[{"href":"https:\/\/linitiative.ca\/International\/wp-json\/wp\/v2\/media?parent=75879"}],"wp:term":[{"taxonomy":"category","embeddable":true,"href":"https:\/\/linitiative.ca\/International\/wp-json\/wp\/v2\/categories?post=75879"},{"taxonomy":"post_tag","embeddable":true,"href":"https:\/\/linitiative.ca\/International\/wp-json\/wp\/v2\/tags?post=75879"}],"curies":[{"name":"wp","href":"https:\/\/api.w.org\/{rel}","templated":true}]}}