{"id":75884,"date":"2020-02-12T09:15:00","date_gmt":"2020-02-12T14:15:00","guid":{"rendered":"https:\/\/linitiative.ca\/International\/acquittement-pour-deux-hirakistes\/"},"modified":"2020-02-12T09:15:00","modified_gmt":"2020-02-12T14:15:00","slug":"acquittement-pour-deux-hirakistes","status":"publish","type":"post","link":"https:\/\/linitiative.ca\/International\/acquittement-pour-deux-hirakistes\/","title":{"rendered":"Acquittement pour deux hirakistes"},"content":{"rendered":"<div id=\"originalText\" readability=\"48\">\n<p class=\"c6\">Poursuivis pour entrave \u00e0 la tenue du scrutin pr\u00e9sidentiel du 12 d\u00e9cembre dernier et publication de textes \u00e0 caract\u00e8re subversifs sur le r\u00e9seau social Facebook, Dif Mohamed Abderrahmane, Djaafri Abdelouaheb, deux activistes du Hirak ont \u00e9t\u00e9 acquitt\u00e9s, aujourd\u2019hui, par le tribunal de Souk-Ahras.<\/p>\n<p class=\"c6\">Me Leila Bougherara, qui est l\u2019un des membres du collectif d\u2019avocats charg\u00e9 d\u2019assurer b\u00e9n\u00e9volement la d\u00e9fense des mis en cause rappelle que ces derniers avaient \u00e9t\u00e9 interpell\u00e9s le 6 janvier dernier et qu\u2019ils ont \u00e9t\u00e9 mis en libert\u00e9 provisoire par le parquet de Souk-Ahras en attendant leur jugement. Il y a lieu de rappeler \u00e9galement que le procureur de la r\u00e9publique pr\u00e8s le tribunal correctionnel de Souk-Ahras avait requis,\u00a0le\u00a0mercredi 29 janvier 2020, une peine de 3 mois de prison ferme assortie d\u2019une amende \u00e0 l\u2019encontre des deux pr\u00e9venus.<\/p>\n<p class=\"c7\"><strong>\u00a0A. Allia\u00a0<\/strong><\/p>\n<\/div>\n<div id=\"text_core\" readability=\"48\">\n<p class=\"c6\">Poursuivis pour entrave \u00e0 la tenue du scrutin pr\u00e9sidentiel du 12 d\u00e9cembre dernier et publication de textes \u00e0 caract\u00e8re subversifs sur le r\u00e9seau social Facebook, Dif Mohamed Abderrahmane, Djaafri Abdelouaheb, deux activistes du Hirak ont \u00e9t\u00e9 acquitt\u00e9s, aujourd\u2019hui, par le tribunal de Souk-Ahras.<\/p>\n<p class=\"c6\">Me Leila Bougherara, qui est l\u2019un des membres du collectif d\u2019avocats charg\u00e9 d\u2019assurer b\u00e9n\u00e9volement la d\u00e9fense des mis en cause rappelle que ces derniers avaient \u00e9t\u00e9 interpell\u00e9s le 6 janvier dernier et qu\u2019ils ont \u00e9t\u00e9 mis en libert\u00e9 provisoire par le parquet de Souk-Ahras en attendant leur jugement. Il y a lieu de rappeler \u00e9galement que le procureur de la r\u00e9publique pr\u00e8s le tribunal correctionnel de Souk-Ahras avait requis,\u00a0le\u00a0mercredi 29 janvier 2020, une peine de 3 mois de prison ferme assortie d\u2019une amende \u00e0 l\u2019encontre des deux pr\u00e9venus.<\/p>\n<p class=\"c7\"><strong>\u00a0A. Allia\u00a0<\/strong><\/p>\n<\/div>\n<p>Auteur:<br \/>\n<a href=\"https:\/\/www.liberte-algerie.com\/actualite\/acquittement-pour-deux-hirakistes-333777\">Cliquez ici pour lire l&rsquo;article depuis sa source.<\/a><\/p>\n","protected":false},"excerpt":{"rendered":"<p>Poursuivis pour entrave \u00e0 la tenue du scrutin pr\u00e9sidentiel du 12 d\u00e9cembre dernier et publication de textes \u00e0 caract\u00e8re subversifs sur le r\u00e9seau social Facebook, Dif Mohamed Abderrahmane, Djaafri Abdelouaheb, deux activistes du Hirak ont \u00e9t\u00e9 acquitt\u00e9s, aujourd\u2019hui, par le tribunal de Souk-Ahras. Me Leila Bougherara, qui est l\u2019un des membres du collectif d\u2019avocats charg\u00e9 [&hellip;]<\/p>\n","protected":false},"author":1742,"featured_media":0,"comment_status":"closed","ping_status":"closed","sticky":false,"template":"","format":"standard","meta":{"fifu_image_url":"","fifu_image_alt":"","footnotes":""},"categories":[73,53],"tags":[],"class_list":["post-75884","post","type-post","status-publish","format-standard","hentry","category-actualite","category-algerie"],"_links":{"self":[{"href":"https:\/\/linitiative.ca\/International\/wp-json\/wp\/v2\/posts\/75884","targetHints":{"allow":["GET"]}}],"collection":[{"href":"https:\/\/linitiative.ca\/International\/wp-json\/wp\/v2\/posts"}],"about":[{"href":"https:\/\/linitiative.ca\/International\/wp-json\/wp\/v2\/types\/post"}],"author":[{"embeddable":true,"href":"https:\/\/linitiative.ca\/International\/wp-json\/wp\/v2\/users\/1742"}],"replies":[{"embeddable":true,"href":"https:\/\/linitiative.ca\/International\/wp-json\/wp\/v2\/comments?post=75884"}],"version-history":[{"count":0,"href":"https:\/\/linitiative.ca\/International\/wp-json\/wp\/v2\/posts\/75884\/revisions"}],"wp:attachment":[{"href":"https:\/\/linitiative.ca\/International\/wp-json\/wp\/v2\/media?parent=75884"}],"wp:term":[{"taxonomy":"category","embeddable":true,"href":"https:\/\/linitiative.ca\/International\/wp-json\/wp\/v2\/categories?post=75884"},{"taxonomy":"post_tag","embeddable":true,"href":"https:\/\/linitiative.ca\/International\/wp-json\/wp\/v2\/tags?post=75884"}],"curies":[{"name":"wp","href":"https:\/\/api.w.org\/{rel}","templated":true}]}}