{"id":75885,"date":"2020-02-12T10:01:00","date_gmt":"2020-02-12T15:01:00","guid":{"rendered":"https:\/\/linitiative.ca\/International\/lancien-maire-dakbou-condamne-a-la-prison-a-perpetuite\/"},"modified":"2020-02-12T10:01:00","modified_gmt":"2020-02-12T15:01:00","slug":"lancien-maire-dakbou-condamne-a-la-prison-a-perpetuite","status":"publish","type":"post","link":"https:\/\/linitiative.ca\/International\/lancien-maire-dakbou-condamne-a-la-prison-a-perpetuite\/","title":{"rendered":"L\u2019ancien maire d\u2019Akbou condamn\u00e9 \u00e0 la prison \u00e0 perp\u00e9tuit\u00e9"},"content":{"rendered":"<div id=\"originalText\" readability=\"72\">\n<p>Le tribunal\u00a0criminel\u00a0de B\u00e9ja\u00efa\u00a0vient de condamner par contumace\u00a0l\u2019ancien maire d\u2019Akbou,\u00a0Abderrahmane Benseba, \u00e0 la prison \u00e0\u00a0perp\u00e9tuit\u00e9,\u00a0a annonc\u00e9, aujourd\u2019hui, \u00a0la radio locale.\u00a0<\/p>\n<p>Poursuivis pour plusieurs chefs d\u2019inculpation, le mis en cause est accus\u00e9 notamment de \u00ab\u00a0mauvaise gestion des affaires de la commune\u00a0\u00bb, \u00ab\u00a0falsification de documents officiels\u00a0\u00bb et \u00ab\u00a0trafic d\u2019influence\u00a0\u00bb, a-t-on pr\u00e9cis\u00e9.\u00a0<\/p>\n<p>A noter que l\u2019ex-P\/APC d\u2019Akbou a eu \u00e0 pr\u00e9sider aux destin\u00e9es de la deuxi\u00e8me ville de la wilaya de B\u00e9ja\u00efa pendant deux d\u00e9cennies (1997 \u2013 2017), avant de quitter le pays pour s\u2019installer en France.\u00a0<\/p>\n<p>\u00c9lu sur la liste FFS, en 1997, il se fera r\u00e9\u00e9lire sous la banni\u00e8re \u00ab\u00a0ind\u00e9pendant\u00a0\u00bb avant de rejoindre les rangs du rassemblement national d\u00e9mocratique (RND).\u00a0<\/p>\n<p>Pour rappel, son bilan de gestion fut fortement d\u00e9cri\u00e9 tant par les \u00e9lus de l\u2019opposition que par les citoyens et les repr\u00e9sentants de la soci\u00e9t\u00e9 civile d\u2019Akbou.\u00a0<\/p>\n<p>En effet, en d\u00e9pit de l\u2019aisance financi\u00e8re dont jouissait cette ville, qui dispose de l\u2019une des plus importantes zones d\u2019activit\u00e9s (ZAC) du pays, M. Benseba n\u2019a pas pu insuffler une dynamique de d\u00e9veloppement \u00e0 sa commune natale, durant ses 20 ans de r\u00e8gne marqu\u00e9s par un immobilisme sans pr\u00e9c\u00e9dent.\u00a0<\/p>\n<p>L\u2019on se souvient notamment de sa gestion chaotique des d\u00e9chets m\u00e9nagers dont les cons\u00e9quences ont failli provoquer une catastrophe \u00e9cologique.\u00a0<\/p>\n<p class=\"c6\"><strong>K. O.\u00a0<\/strong><\/p>\n<\/div>\n<div id=\"text_core\" readability=\"72\">\n<p>Le tribunal\u00a0criminel\u00a0de B\u00e9ja\u00efa\u00a0vient de condamner par contumace\u00a0l\u2019ancien maire d\u2019Akbou,\u00a0Abderrahmane Benseba, \u00e0 la prison \u00e0\u00a0perp\u00e9tuit\u00e9,\u00a0a annonc\u00e9, aujourd\u2019hui, \u00a0la radio locale.\u00a0<\/p>\n<p>Poursuivis pour plusieurs chefs d\u2019inculpation, le mis en cause est accus\u00e9 notamment de \u00ab\u00a0mauvaise gestion des affaires de la commune\u00a0\u00bb, \u00ab\u00a0falsification de documents officiels\u00a0\u00bb et \u00ab\u00a0trafic d\u2019influence\u00a0\u00bb, a-t-on pr\u00e9cis\u00e9.\u00a0<\/p>\n<p>A noter que l\u2019ex-P\/APC d\u2019Akbou a eu \u00e0 pr\u00e9sider aux destin\u00e9es de la deuxi\u00e8me ville de la wilaya de B\u00e9ja\u00efa pendant deux d\u00e9cennies (1997 \u2013 2017), avant de quitter le pays pour s\u2019installer en France.\u00a0<\/p>\n<p>\u00c9lu sur la liste FFS, en 1997, il se fera r\u00e9\u00e9lire sous la banni\u00e8re \u00ab\u00a0ind\u00e9pendant\u00a0\u00bb avant de rejoindre les rangs du rassemblement national d\u00e9mocratique (RND).\u00a0<\/p>\n<p>Pour rappel, son bilan de gestion fut fortement d\u00e9cri\u00e9 tant par les \u00e9lus de l\u2019opposition que par les citoyens et les repr\u00e9sentants de la soci\u00e9t\u00e9 civile d\u2019Akbou.\u00a0<\/p>\n<p>En effet, en d\u00e9pit de l\u2019aisance financi\u00e8re dont jouissait cette ville, qui dispose de l\u2019une des plus importantes zones d\u2019activit\u00e9s (ZAC) du pays, M. Benseba n\u2019a pas pu insuffler une dynamique de d\u00e9veloppement \u00e0 sa commune natale, durant ses 20 ans de r\u00e8gne marqu\u00e9s par un immobilisme sans pr\u00e9c\u00e9dent.\u00a0<\/p>\n<p>L\u2019on se souvient notamment de sa gestion chaotique des d\u00e9chets m\u00e9nagers dont les cons\u00e9quences ont failli provoquer une catastrophe \u00e9cologique.\u00a0<\/p>\n<p class=\"c6\"><strong>K. O.\u00a0<\/strong><\/p>\n<\/div>\n<p>Auteur:<br \/>\n<a href=\"https:\/\/www.liberte-algerie.com\/actualite\/lancien-maire-dakbou-condamne-a-la-prison-a-perpetuite-333778\">Cliquez ici pour lire l&rsquo;article depuis sa source.<\/a><\/p>\n","protected":false},"excerpt":{"rendered":"<p>Le tribunal\u00a0criminel\u00a0de B\u00e9ja\u00efa\u00a0vient de condamner par contumace\u00a0l\u2019ancien maire d\u2019Akbou,\u00a0Abderrahmane Benseba, \u00e0 la prison \u00e0\u00a0perp\u00e9tuit\u00e9,\u00a0a annonc\u00e9, aujourd\u2019hui, \u00a0la radio locale.\u00a0 Poursuivis pour plusieurs chefs d\u2019inculpation, le mis en cause est accus\u00e9 notamment de \u00ab\u00a0mauvaise gestion des affaires de la commune\u00a0\u00bb, \u00ab\u00a0falsification de documents officiels\u00a0\u00bb et \u00ab\u00a0trafic d\u2019influence\u00a0\u00bb, a-t-on pr\u00e9cis\u00e9.\u00a0 A noter que l\u2019ex-P\/APC d\u2019Akbou a eu [&hellip;]<\/p>\n","protected":false},"author":1742,"featured_media":0,"comment_status":"closed","ping_status":"closed","sticky":false,"template":"","format":"standard","meta":{"fifu_image_url":"","fifu_image_alt":"","footnotes":""},"categories":[73,53],"tags":[],"class_list":["post-75885","post","type-post","status-publish","format-standard","hentry","category-actualite","category-algerie"],"_links":{"self":[{"href":"https:\/\/linitiative.ca\/International\/wp-json\/wp\/v2\/posts\/75885","targetHints":{"allow":["GET"]}}],"collection":[{"href":"https:\/\/linitiative.ca\/International\/wp-json\/wp\/v2\/posts"}],"about":[{"href":"https:\/\/linitiative.ca\/International\/wp-json\/wp\/v2\/types\/post"}],"author":[{"embeddable":true,"href":"https:\/\/linitiative.ca\/International\/wp-json\/wp\/v2\/users\/1742"}],"replies":[{"embeddable":true,"href":"https:\/\/linitiative.ca\/International\/wp-json\/wp\/v2\/comments?post=75885"}],"version-history":[{"count":0,"href":"https:\/\/linitiative.ca\/International\/wp-json\/wp\/v2\/posts\/75885\/revisions"}],"wp:attachment":[{"href":"https:\/\/linitiative.ca\/International\/wp-json\/wp\/v2\/media?parent=75885"}],"wp:term":[{"taxonomy":"category","embeddable":true,"href":"https:\/\/linitiative.ca\/International\/wp-json\/wp\/v2\/categories?post=75885"},{"taxonomy":"post_tag","embeddable":true,"href":"https:\/\/linitiative.ca\/International\/wp-json\/wp\/v2\/tags?post=75885"}],"curies":[{"name":"wp","href":"https:\/\/api.w.org\/{rel}","templated":true}]}}