{"id":75886,"date":"2020-02-11T16:42:33","date_gmt":"2020-02-11T21:42:33","guid":{"rendered":"https:\/\/linitiative.ca\/International\/reunion-dediee-a-la-valorisation-du-patrimoine-forestier\/"},"modified":"2020-02-11T16:42:33","modified_gmt":"2020-02-11T21:42:33","slug":"reunion-dediee-a-la-valorisation-du-patrimoine-forestier","status":"publish","type":"post","link":"https:\/\/linitiative.ca\/International\/reunion-dediee-a-la-valorisation-du-patrimoine-forestier\/","title":{"rendered":"R\u00e9union d\u00e9di\u00e9e \u00e0 la valorisation du patrimoine forestier"},"content":{"rendered":"<div readability=\"35\">\n<p>El Kel\u00e2a des Sraghna \u2013 Une r\u00e9union consacr\u00e9e \u00e0 la pr\u00e9sentation de moult projets d\u00e9di\u00e9s \u00e0 la valorisation du patrimoine forestier et \u00e0 l\u2019am\u00e9nagement du territoire dans nombre de communes relevant de la province d\u2019El Kel\u00e2a des Sraghna, a \u00e9t\u00e9 tenue lundi.<\/p>\n<\/div>\n<div readability=\"85\">\n<p>Cette r\u00e9union de travail, qui s\u2019est d\u00e9roul\u00e9e en pr\u00e9sence notamment du gouverneur de la province d\u2019El Kel\u00e2a des Sraghna, M. Hicham Smahi ainsi que des repr\u00e9sentants des diff\u00e9rents d\u00e9partements concern\u00e9s, a \u00e9t\u00e9 l\u2019occasion de mettre l\u2019accent et d\u2019examiner de nombreux projets relatifs au reboisement et \u00e0 l\u2019am\u00e9lioration des p\u00e2turages, avec un focus sur les programmes de mise \u00e0 niveau territoriale des communes rurales.<\/p>\n<p>Par la m\u00eame occasion, l\u2019assistance s\u2019est attard\u00e9e sur plusieurs projets relatifs au secteur de la jeunesse et des sports.<\/p>\n<p>Dans une allocution de circonstance, le gouverneur de la province a mis en avant les potentialit\u00e9s naturelles dont regorge cette partie du territoire national, avec un accent mis sur les fonctionnalit\u00e9s biologiques et de distraction qu\u2019offre le couvert forestier, d\u00e9plorant par la m\u00eame occasion, \u00ab\u00a0les contraintes climatiques inh\u00e9rentes \u00e0 une pluviom\u00e9trie non r\u00e9guli\u00e8re, ce qui leste les efforts consentis en mati\u00e8re de replantation\u00a0\u00bb.<\/p>\n<p>Sur un autre registre, M. Smahi a soulign\u00e9 l\u2019importance de la gestion de l\u2019espace et sa contribution \u00e0 l\u2019atteinte d\u2019un double objectif \u00e0 savoir la mise en place d\u2019un r\u00e9seau territorial dense au niveau provincial, en tant que condition sine qua non pour atteindre le d\u00e9veloppement local escompt\u00e9, et la ma\u00eetrise de sa gestion et son contr\u00f4le sur les plans politique et social.<\/p>\n<p>Lors de cette r\u00e9union, l\u2019assistance a suivi une s\u00e9rie d\u2019expos\u00e9s exhaustifs sur les secteurs de l\u2019eau, des for\u00eats, de la lutte contre la d\u00e9sertification, de l\u2019am\u00e9nagement du territoire national, de la jeunesse et des sports, avec un focus sur les projets et programmes susceptibles d\u2019\u00eatre financ\u00e9s en la mati\u00e8re, ainsi que sur les projets \u00e0 mettre en oeuvre et les \u00e9ventuelles contraintes qui peuvent entraver leur r\u00e9alisation.<\/p>\n<p>En marge de cette rencontre, il a \u00e9t\u00e9 proc\u00e9d\u00e9 au lancement d\u2019une op\u00e9ration de reboisement \u00e0 \u00ab\u00a0Koudiyate El Manjal\u00a0\u00bb \u00e0 proximit\u00e9 de Douar Belafrikh relevant de la commune rurale de Zenada, pour un montant global estim\u00e9 \u00e0 1,740 million de DH.<\/p>\n<p>Pr\u00e9vu sur une superficie de 50 ha, ce projet s\u2019ins\u00e8re dans le cadre des programmes de la direction provinciale des eaux et for\u00eats et de la lutte contre la d\u00e9sertification visant \u00e0 maitriser l\u2019\u00e9quilibre biologique forestier au niveau de la province.<\/p>\n<\/div>\n<p>Auteur: Meriem IGASS<br \/>\n<a href=\"http:\/\/www.mapmarrakech.ma\/fr\/reunion-dediee-a-la-valorisation-du-patrimoine-forestier\/\">Cliquez ici pour lire l&rsquo;article depuis sa source.<\/a><\/p>\n","protected":false},"excerpt":{"rendered":"<p>El Kel\u00e2a des Sraghna \u2013 Une r\u00e9union consacr\u00e9e \u00e0 la pr\u00e9sentation de moult projets d\u00e9di\u00e9s \u00e0 la valorisation du patrimoine forestier et \u00e0 l\u2019am\u00e9nagement du territoire dans nombre de communes relevant de la province d\u2019El Kel\u00e2a des Sraghna, a \u00e9t\u00e9 tenue lundi. Cette r\u00e9union de travail, qui s\u2019est d\u00e9roul\u00e9e en pr\u00e9sence notamment du gouverneur de [&hellip;]<\/p>\n","protected":false},"author":1788,"featured_media":0,"comment_status":"closed","ping_status":"closed","sticky":false,"template":"","format":"standard","meta":{"fifu_image_url":"","fifu_image_alt":"","footnotes":""},"categories":[54,76],"tags":[],"class_list":["post-75886","post","type-post","status-publish","format-standard","hentry","category-maroc","category-regions"],"_links":{"self":[{"href":"https:\/\/linitiative.ca\/International\/wp-json\/wp\/v2\/posts\/75886","targetHints":{"allow":["GET"]}}],"collection":[{"href":"https:\/\/linitiative.ca\/International\/wp-json\/wp\/v2\/posts"}],"about":[{"href":"https:\/\/linitiative.ca\/International\/wp-json\/wp\/v2\/types\/post"}],"author":[{"embeddable":true,"href":"https:\/\/linitiative.ca\/International\/wp-json\/wp\/v2\/users\/1788"}],"replies":[{"embeddable":true,"href":"https:\/\/linitiative.ca\/International\/wp-json\/wp\/v2\/comments?post=75886"}],"version-history":[{"count":0,"href":"https:\/\/linitiative.ca\/International\/wp-json\/wp\/v2\/posts\/75886\/revisions"}],"wp:attachment":[{"href":"https:\/\/linitiative.ca\/International\/wp-json\/wp\/v2\/media?parent=75886"}],"wp:term":[{"taxonomy":"category","embeddable":true,"href":"https:\/\/linitiative.ca\/International\/wp-json\/wp\/v2\/categories?post=75886"},{"taxonomy":"post_tag","embeddable":true,"href":"https:\/\/linitiative.ca\/International\/wp-json\/wp\/v2\/tags?post=75886"}],"curies":[{"name":"wp","href":"https:\/\/api.w.org\/{rel}","templated":true}]}}