{"id":75887,"date":"2020-02-11T17:25:10","date_gmt":"2020-02-11T22:25:10","guid":{"rendered":"https:\/\/linitiative.ca\/International\/objet-dun-mandat-darret-international-un-beninois-arrete\/"},"modified":"2020-02-11T17:25:10","modified_gmt":"2020-02-11T22:25:10","slug":"objet-dun-mandat-darret-international-un-beninois-arrete","status":"publish","type":"post","link":"https:\/\/linitiative.ca\/International\/objet-dun-mandat-darret-international-un-beninois-arrete\/","title":{"rendered":"Objet d\u2019un mandat d\u2019arr\u00eat international: Un B\u00e9ninois arr\u00eat\u00e9"},"content":{"rendered":"<div class=\"single-featured\"><img alt=\"\" data-src=\"http:\/\/www.mapmarrakech.ma\/map\/uploads\/2019\/11\/DGSN.jpg\"\/><\/div>\n<div class=\"single-post-excerpt post-excerpt-bc\" readability=\"37\">\n<p>Rabat \u2013 Les \u00e9l\u00e9ments du service pr\u00e9fectoral de la police judiciaire de la ville de Marrakech sont parvenus, lundi, \u00e0 arr\u00eater un ressortissant b\u00e9ninois de 29 ans en ex\u00e9cution du mandat d\u2019arr\u00eat international \u00e9mis contre lui par les autorit\u00e9s judiciaires des \u00c9tats-Unis d\u2019Am\u00e9rique pour son implication pr\u00e9sum\u00e9e dans des affaires d\u2019escroquerie.<\/p>\n<\/div>\n<div class=\"entry-content clearfix single-post-content\" readability=\"51\">\n<p>Le pointage du suspect dans la base de donn\u00e9es d\u2019Interpol a r\u00e9v\u00e9l\u00e9 qu\u2019il fait l\u2019objet d\u2019une notice rouge \u00e9mise par l\u2019Organisation internationale de police criminelle dat\u00e9e du 22 octobre dernier, indique mardi la Direction g\u00e9n\u00e9rale de la s\u00fbret\u00e9 nationale (DGSN) dans communiqu\u00e9, ajoutant que le mis en cause est soup\u00e7onn\u00e9 d\u2019implication dans la falsification de documents d\u2019identit\u00e9 et bancaires et leur utilisation pour fournir de fausses d\u00e9clarations de revenus, ce qui lui a permis d\u2019obtenir des compensations fiscales s\u2019\u00e9levant \u00e0 873.703 de dollars am\u00e9ricains.<\/p>\n<p>Le suspect a \u00e9t\u00e9 plac\u00e9 en garde \u00e0 vue, dans l\u2019attente de statuer sur son extradition aux autorit\u00e9s judiciaires am\u00e9ricaine, ajoute la m\u00eame source.<\/p>\n<p>L\u2019arrestation du suspect s\u2019inscrit dans le cadre de l\u2019activation de la coop\u00e9ration bilat\u00e9rale avec les autorit\u00e9s US dans les domaines de la s\u00e9curit\u00e9, ainsi que dans le renforcement des m\u00e9canismes de recherche et de poursuite des personnes recherch\u00e9es au niveau international pour des crimes organis\u00e9s, y compris des affaires de corruption financi\u00e8re, conclut le communiqu\u00e9.<\/p>\n<\/div>\n<p>Auteur: Meriem IGASS<br \/>\n<a href=\"http:\/\/www.mapmarrakech.ma\/fr\/arrestation-dun-beninois-faisant-lobjet-dun-mandat-darret-international\/\">Cliquez ici pour lire l&rsquo;article depuis sa source.<\/a><\/p>\n","protected":false},"excerpt":{"rendered":"<p>Rabat \u2013 Les \u00e9l\u00e9ments du service pr\u00e9fectoral de la police judiciaire de la ville de Marrakech sont parvenus, lundi, \u00e0 arr\u00eater un ressortissant b\u00e9ninois de 29 ans en ex\u00e9cution du mandat d\u2019arr\u00eat international \u00e9mis contre lui par les autorit\u00e9s judiciaires des \u00c9tats-Unis d\u2019Am\u00e9rique pour son implication pr\u00e9sum\u00e9e dans des affaires d\u2019escroquerie. Le pointage du suspect [&hellip;]<\/p>\n","protected":false},"author":1788,"featured_media":75888,"comment_status":"closed","ping_status":"closed","sticky":false,"template":"","format":"standard","meta":{"fifu_image_url":"","fifu_image_alt":"","footnotes":""},"categories":[54,76],"tags":[],"class_list":["post-75887","post","type-post","status-publish","format-standard","has-post-thumbnail","hentry","category-maroc","category-regions"],"_links":{"self":[{"href":"https:\/\/linitiative.ca\/International\/wp-json\/wp\/v2\/posts\/75887","targetHints":{"allow":["GET"]}}],"collection":[{"href":"https:\/\/linitiative.ca\/International\/wp-json\/wp\/v2\/posts"}],"about":[{"href":"https:\/\/linitiative.ca\/International\/wp-json\/wp\/v2\/types\/post"}],"author":[{"embeddable":true,"href":"https:\/\/linitiative.ca\/International\/wp-json\/wp\/v2\/users\/1788"}],"replies":[{"embeddable":true,"href":"https:\/\/linitiative.ca\/International\/wp-json\/wp\/v2\/comments?post=75887"}],"version-history":[{"count":0,"href":"https:\/\/linitiative.ca\/International\/wp-json\/wp\/v2\/posts\/75887\/revisions"}],"wp:featuredmedia":[{"embeddable":true,"href":"https:\/\/linitiative.ca\/International\/wp-json\/"}],"wp:attachment":[{"href":"https:\/\/linitiative.ca\/International\/wp-json\/wp\/v2\/media?parent=75887"}],"wp:term":[{"taxonomy":"category","embeddable":true,"href":"https:\/\/linitiative.ca\/International\/wp-json\/wp\/v2\/categories?post=75887"},{"taxonomy":"post_tag","embeddable":true,"href":"https:\/\/linitiative.ca\/International\/wp-json\/wp\/v2\/tags?post=75887"}],"curies":[{"name":"wp","href":"https:\/\/api.w.org\/{rel}","templated":true}]}}