{"id":75889,"date":"2020-02-11T18:22:57","date_gmt":"2020-02-11T23:22:57","guid":{"rendered":"https:\/\/linitiative.ca\/International\/inauguration-du-premier-centre-interactif-digital-au-maroc\/"},"modified":"2020-02-11T18:22:57","modified_gmt":"2020-02-11T23:22:57","slug":"inauguration-du-premier-centre-interactif-digital-au-maroc","status":"publish","type":"post","link":"https:\/\/linitiative.ca\/International\/inauguration-du-premier-centre-interactif-digital-au-maroc\/","title":{"rendered":"Inauguration du premier Centre Interactif Digital au Maroc"},"content":{"rendered":"<p>Ce Centre est le fruit d\u2019une solide collaboration entre EON Reality, leader mondial du transfert de connaissances et de comp\u00e9tences bas\u00e9es sur la r\u00e9alit\u00e9 augment\u00e9e et virtuelle pour l\u2019industrie et l\u2019\u00e9ducation, l\u2019Agence des Etats-Unis pour le d\u00e9veloppement international (USAID), avec le soutien du minist\u00e8re de l\u2019Industrie, du Commerce, de l\u2019Economie Verte et Num\u00e9rique, du minist\u00e8re de l\u2019Education Nationale, de la Formation Professionnelle, de l\u2019Enseignement Sup\u00e9rieur et de la Recherche Scientifique, de l\u2019Agence de D\u00e9veloppement du Digital (ADD) ainsi que de l\u2019Universit\u00e9 Mohammed V de Rabat.<\/p>\n<p>L\u2019IDC Morocco offre un acc\u00e8s sans pr\u00e9c\u00e9dent aux technologies de R\u00e9alit\u00e9 Augment\u00e9e (AR) et de R\u00e9alit\u00e9 Virtuelle (VR) pour accompagner la transformation num\u00e9rique du Royaume dans les secteurs universitaires, industriels et gouvernementaux.<\/p>\n<p>Les sept partenaires forment ainsi une repr\u00e9sentation parfaite de la \u00ab\u00a0triple h\u00e9lice\u00a0\u00bb, un mod\u00e8le \u00e0 travers lequel ledit Centre s\u2019est concr\u00e9tis\u00e9 gr\u00e2ce \u00e0 la collaboration entre les pouvoirs publics, le monde universitaire et les leaders de l\u2019industrie pour contribuer au fa\u00e7onnage de la r\u00e9volution technologique du Maroc.<\/p>\n<p>S\u2019exprimant lors de la c\u00e9r\u00e9monie d\u2019inauguration de ce Centre, le ministre d\u00e9l\u00e9gu\u00e9 charg\u00e9 de l\u2019Enseignement sup\u00e9rieur et de la Recherche scientifique, Driss Ouaouicha, a indiqu\u00e9 que l\u2019IDC offre une opportunit\u00e9 inou\u00efe pour l\u2019universit\u00e9 marocaine dans le domaine du transfert technologique et du renforcement des capacit\u00e9s.<\/p>\n<p>\u00ab\u00a0La r\u00e9alit\u00e9 augment\u00e9e et la r\u00e9alit\u00e9 virtuelle et tout ce qui en d\u00e9coule en mati\u00e8re d\u2019applications p\u00e9dagogiques et scientifiques, ces chocs technologiques auxquels nous sommes confront\u00e9s aujourd\u2019hui, constituent une voie parall\u00e8le pour repenser notre Universit\u00e9 qui, comme partout ailleurs, devrait absolument \u00eatre au premier rang de ceux qui souscrivent \u00e0 cette transformation et \u00e0 ces changements majeurs de paradigmes que cette \u00e9tendue d\u2019innovations technologiques tente d\u2019imposer \u00e0 notre syst\u00e8me \u00e9ducatif\u00a0\u00bb, a-t-il expliqu\u00e9.<\/p>\n<p>\u00ab\u00a0Nous sommes donc sollicit\u00e9s \u00e0 revisiter nos r\u00e9f\u00e9rentiels et nos dogmes m\u00e9thodologiques\u00a0\u00bb, a-t-il encha\u00een\u00e9, soulignant que \u00ab\u00a0nous sommes tous convi\u00e9s \u00e0 transformer la formation et \u00e0 adopter de nouvelles modalit\u00e9s technico-p\u00e9dagogiques\u00a0\u00bb.<\/p>\n<p>Cette vision nouvelle de l\u2019Universit\u00e9 d\u00e9coule, en fait, d\u2019une volont\u00e9 Royale profonde que \u00ab\u00a0nous retrouvons particuli\u00e8rement dans la Vision strat\u00e9gique de la r\u00e9forme 2015-2030, \u00e9labor\u00e9e par le Conseil Sup\u00e9rieur de l\u2019Education, de la Formation et de la Recherche Scientifique, et qui a \u00e9t\u00e9 traduite en loi, dite Loi-cadre 51.17 portant sur le syst\u00e8me de l\u2019\u00e9ducation, de l\u2019enseignement, de la formation et de la recherche scientifique\u00a0\u00bb, a relev\u00e9 le ministre, expliquant que cette vision constitue une \u00e9tape importante sur la voie du d\u00e9veloppement du syst\u00e8me d\u2019enseignement marocain, via notamment la mise en place d\u2019approches efficientes \u00e0 m\u00eame de surmonter les obstacles auxquels fait face le secteur dans un contexte d\u2019av\u00e8nement et d\u2019irruption des technologies num\u00e9riques.<\/p>\n<p>Et de poursuivre que cette approche ne pourra se concr\u00e9tiser qu\u2019\u00e0 travers l\u2019ouverture sur les entreprises et les partenaires dans les domaines des technologies de l\u2019information et de la communication, aux niveaux national et international, afin de les inciter \u00e0 contribuer \u00e0 l\u2019effort public d\u2019am\u00e9lioration des infrastructures et des \u00e9quipements n\u00e9cessaires, et ce, dans le cadre de partenariats institutionnels publics-priv\u00e9s.<\/p>\n<p>Le ministre a, d\u2019autre part, mis en avant les efforts consentis par le minist\u00e8re dans son processus de transformation digitale, non seulement au niveau central mais aussi au niveau des Universit\u00e9s, passant en revue les projets d\u2019envergure initi\u00e9s en vue de la promotion de l\u2019\u00e9tudiant, au travers d\u2019une infrastructure r\u00e9seau de qualit\u00e9 et de la mise en place de services et d\u2019applicatifs \u00e0 distance.<\/p>\n<p>La transformation digitale est un d\u00e9fi pr\u00e9sent mais aussi futur, a-t-il dit avant de conclure que le Cloud, l\u2019Internet des objets, le Smart Data, la sant\u00e9 connect\u00e9e, l\u2019impression 3D, la r\u00e9alit\u00e9 augment\u00e9e ou encore la robotique collaborative sont autant de concepts technologiques qui \u00ab\u00a0dessinent notre vie future et auxquelles nous devrions porter une attention toute particuli\u00e8re aussi bien dans notre approche p\u00e9dagogique que dans notre rapport avec la technologie\u00a0\u00bb.<\/p>\n<p>Pour sa part, le secr\u00e9taire g\u00e9n\u00e9ral du minist\u00e8re de l\u2019Industrie, du Commerce et de l\u2019Economie Verte et Num\u00e9rique, Youssef El Bari, a affirm\u00e9 que la mise en place de ce Centre traduit l\u2019importance qu\u2019accorde le Royaume aux nouveaux m\u00e9tiers qui se cr\u00e9ent \u00e0 travers le monde et qui sont li\u00e9s au d\u00e9veloppement num\u00e9rique, ajoutant qu\u2019\u00e0 travers cette nouvelle exp\u00e9rience au niveau de la r\u00e9gion de l\u2019Afrique du Nord, le Maroc \u00ab\u00a0confirme son engagement sur la voie de l\u2019int\u00e9gration des nouvelles technologies dans les secteurs acad\u00e9mique et industriel pour une meilleure transformation digitale\u00a0\u00bb.<\/p>\n<p>\u00ab\u00a0Ce projet num\u00e9rique contribuera, de ce fait, \u00e0 mettre en place des solutions d\u2019apprentissage innovantes pour le d\u00e9veloppement des comp\u00e9tences n\u00e9cessaires aux m\u00e9tiers de l\u2019industrie de demain\u00a0\u00bb, a-t-il pr\u00e9cis\u00e9, notant que ce Centre permettra, \u00e0 travers une \u00e9troite collaboration entre les secteurs public et priv\u00e9, de contribuer au renforcement des comp\u00e9tences requises dans les diff\u00e9rentes strat\u00e9gies sectorielles du Royaume.<\/p>\n<p>Soulignant que le Maroc veut \u00eatre un acteur dans les changements que conna\u00eet le monde en participant \u00e0 l\u2019\u00e9volution des nouvelles technologies telles que l\u2019intelligence artificielle, la blockchain, l\u2019internet des objets ou l\u2019industrie 4.0, le responsable a indiqu\u00e9 que l\u2019IDC sera un outil du plan d\u2019acc\u00e9l\u00e9ration industrielle dans lequel le volet formation est important, et servira aussi de mod\u00e8le dans la nouvelle strat\u00e9gie en cours de pr\u00e9paration et qui devrait accorder une place de choix aux nouvelles technologies et \u00e0 leur utilisation dans l\u2019industrie.<\/p>\n<div readability=\"113\">\n<p>De son c\u00f4t\u00e9, l\u2019ambassadeur des Etats-Unis au Maroc, David T. Fischer a soulign\u00e9 qu&rsquo;\u00a0\u00bbavec le lancement aujourd\u2019hui de ce centre interactif digital, nous soutenons les strat\u00e9gies \u00e9ducatives ambitieuses du gouvernement du Maroc et nous offrons des possibilit\u00e9s aux \u00e9tudiant(e)s marocains d\u2019acc\u00e9der \u00e0 une technologie dont ils ont besoin pour r\u00e9ussir sur le march\u00e9 du travail de l\u2019avenir\u00a0\u00bb.<\/p>\n<p>Tout en se f\u00e9licitant de ce partenariat qui a donn\u00e9 naissance \u00e0 ce Centre, le diplomate US a pr\u00e9cis\u00e9 que ce projet, qui a rassembl\u00e9 des d\u00e9partements et institutions gouvernementaux, des bailleurs de fonds internationaux, le monde universitaire et le secteur priv\u00e9, fera du Maroc \u00ab\u00a0un leader\u00a0\u00bb sur les plans r\u00e9gional et continental en mati\u00e8re de r\u00e9alit\u00e9 virtuelle et augment\u00e9e.<\/p>\n<p>Et de relever que ce partenariat constitue \u00ab\u00a0une preuve\u00a0\u00bb que les \u00e9tudiants marocains b\u00e9n\u00e9ficient des moyens technologiques et du soutien n\u00e9cessaires pour leur future r\u00e9ussite et \u00e9panouissement.<\/p>\n<p>Les jeunes qui poursuivent leurs \u00e9tudes dans les domaines de l\u2019ing\u00e9nierie, de l\u2019a\u00e9ronautique, de la m\u00e9canique, des mines, des m\u00e9dias et de la m\u00e9decine b\u00e9n\u00e9ficieront ainsi de ces nouvelles technologies, a-t-il dit, ajoutant que les futurs leaders disposeront des outils n\u00e9cessaires pour r\u00e9ussir dans un monde technologique en \u00e9volution acc\u00e9l\u00e9r\u00e9e.<\/p>\n<p>Mettant en relief les relations s\u00e9culaires d\u2019amiti\u00e9 et de coop\u00e9ration existant entre les Etats-Unis et le Maroc, M. Fischer a pr\u00e9cis\u00e9 que le renforcement de la coop\u00e9ration et du partenariat entre les secteurs public et priv\u00e9 est essentiel pour que le Maroc r\u00e9alise ses objectifs \u00e9conomiques et de d\u00e9veloppement.<\/p>\n<p>Le directeur g\u00e9n\u00e9ral de l\u2019ADD, Sidi Mohammed Drissi Melyani a, quant \u00e0 lui, fait remarquer que parmi les projets structurants inscrits dans la feuille de route de l\u2019Agence, figure le chantier \u00ab\u00a0G\u00e9n\u00e9ration digitale\u00a0\u00bb, un projet strat\u00e9gique qui consiste \u00e0 mettre en place un programme de formation national d\u2019envergure dans le digital couvrant aussi bien la formation sup\u00e9rieure et professionnelle que la formation continue.<\/p>\n<p>Ainsi, l\u2019IDC, qui s\u2019inscrit dans le cadre de ce chantier, ambitionne avec autant de d\u00e9termination de soutenir le d\u00e9veloppement et la qualification du capital humain par le biais du renforcement des offres de formation dans le digital, et l\u2019adoption des nouvelles m\u00e9thodes d\u2019apprentissage, nouvelle g\u00e9n\u00e9ration, int\u00e9grant la r\u00e9alit\u00e9 virtuelle et la r\u00e9alit\u00e9 augment\u00e9e aux pratiques p\u00e9dagogiques appliqu\u00e9es.<\/p>\n<p>Ce Centre, a-t-il ajout\u00e9, permettra d\u2019am\u00e9liorer les performances et l\u2019employabilit\u00e9 de milliers d\u2019\u00e9tudiants et d\u2019employ\u00e9s marocains, de soutenir l\u2019apprentissage et d\u2019appuyer et promouvoir la formation bas\u00e9e sur la r\u00e9alit\u00e9 virtuelle et augment\u00e9e, optimisant, par cons\u00e9quent, les facult\u00e9s d\u2019apprentissage ainsi que la prise de d\u00e9cision, soulignant qu\u2019\u00e0 travers la mise en place de l\u2019IDC, l\u2019un des objectifs de l\u2019ADD serait de capitaliser sur cette exp\u00e9rience pour pouvoir, par la suite, la dupliquer dans les diff\u00e9rentes r\u00e9gions du Royaume.<\/p>\n<p>Lui embo\u00eetant le pas, le secr\u00e9taire g\u00e9n\u00e9ral de l\u2019UM6P, Hicham El Habti, a d\u00e9clar\u00e9 que \u00ab\u00a0notre universit\u00e9 s\u2019est engag\u00e9e \u00e0 explorer des m\u00e9thodes d\u2019enseignement conventionnelles et non conventionnelles qui nous aideront \u00e0 pousser plus loin les limites de la science et de la technologie\u00a0\u00bb.<\/p>\n<p>\u00ab\u00a0Aujourd\u2019hui, nous h\u00e9bergeons ce Centre interactif digital dans le cadre de notre portefeuille d\u2019outils innovants pour contribuer au d\u00e9veloppement de mod\u00e8les \u00e9ducatifs en Afrique\u00a0\u00bb, s\u2019est-il f\u00e9licit\u00e9.<\/p>\n<p>Le fondateur de \u00ab\u00a0EON Reality\u00a0\u00bb, Dan Lejerskar s\u2019est, de son c\u00f4t\u00e9, attard\u00e9 dans une pr\u00e9sentation, \u00e0 cette occasion, sur les solutions en mati\u00e8re de transfert de connaissances, bas\u00e9 sur la r\u00e9alit\u00e9 virtuelle et la r\u00e9alit\u00e9 augment\u00e9e pour l\u2019industrie et l\u2019\u00e9ducation.<\/p>\n<p>Les personnalit\u00e9s pr\u00e9sentes \u00e0 cette c\u00e9r\u00e9monie ont, par la suite, effectu\u00e9 une tourn\u00e9e au sein du Centre o\u00f9 des explications leur ont \u00e9t\u00e9 fournies, notamment sous forme de d\u00e9monstrations pratiques des technologies qui porteront bient\u00f4t assistance \u00e0 la prochaine g\u00e9n\u00e9ration d\u2019\u00e9tudiants, d\u2019employ\u00e9s et d\u2019entrepreneurs marocains.<\/p>\n<\/div>\n<p>Auteur: Meriem IGASS<br \/>\n<a href=\"http:\/\/www.mapmarrakech.ma\/fr\/inauguration-du-premier-centre-interactif-digital-au-maroc\/\">Cliquez ici pour lire l&rsquo;article depuis sa source.<\/a><\/p>\n","protected":false},"excerpt":{"rendered":"<p>Ce Centre est le fruit d\u2019une solide collaboration entre EON Reality, leader mondial du transfert de connaissances et de comp\u00e9tences bas\u00e9es sur la r\u00e9alit\u00e9 augment\u00e9e et virtuelle pour l\u2019industrie et l\u2019\u00e9ducation, l\u2019Agence des Etats-Unis pour le d\u00e9veloppement international (USAID), avec le soutien du minist\u00e8re de l\u2019Industrie, du Commerce, de l\u2019Economie Verte et Num\u00e9rique, du minist\u00e8re [&hellip;]<\/p>\n","protected":false},"author":1788,"featured_media":0,"comment_status":"closed","ping_status":"closed","sticky":false,"template":"","format":"standard","meta":{"fifu_image_url":"","fifu_image_alt":"","footnotes":""},"categories":[54,76],"tags":[],"class_list":["post-75889","post","type-post","status-publish","format-standard","hentry","category-maroc","category-regions"],"_links":{"self":[{"href":"https:\/\/linitiative.ca\/International\/wp-json\/wp\/v2\/posts\/75889","targetHints":{"allow":["GET"]}}],"collection":[{"href":"https:\/\/linitiative.ca\/International\/wp-json\/wp\/v2\/posts"}],"about":[{"href":"https:\/\/linitiative.ca\/International\/wp-json\/wp\/v2\/types\/post"}],"author":[{"embeddable":true,"href":"https:\/\/linitiative.ca\/International\/wp-json\/wp\/v2\/users\/1788"}],"replies":[{"embeddable":true,"href":"https:\/\/linitiative.ca\/International\/wp-json\/wp\/v2\/comments?post=75889"}],"version-history":[{"count":0,"href":"https:\/\/linitiative.ca\/International\/wp-json\/wp\/v2\/posts\/75889\/revisions"}],"wp:attachment":[{"href":"https:\/\/linitiative.ca\/International\/wp-json\/wp\/v2\/media?parent=75889"}],"wp:term":[{"taxonomy":"category","embeddable":true,"href":"https:\/\/linitiative.ca\/International\/wp-json\/wp\/v2\/categories?post=75889"},{"taxonomy":"post_tag","embeddable":true,"href":"https:\/\/linitiative.ca\/International\/wp-json\/wp\/v2\/tags?post=75889"}],"curies":[{"name":"wp","href":"https:\/\/api.w.org\/{rel}","templated":true}]}}