{"id":75899,"date":"2020-02-11T15:40:25","date_gmt":"2020-02-11T20:40:25","guid":{"rendered":"https:\/\/linitiative.ca\/International\/aeroport-doujda-plus-de-700-000-passagers-en-2019\/"},"modified":"2020-02-11T15:40:25","modified_gmt":"2020-02-11T20:40:25","slug":"aeroport-doujda-plus-de-700-000-passagers-en-2019","status":"publish","type":"post","link":"https:\/\/linitiative.ca\/International\/aeroport-doujda-plus-de-700-000-passagers-en-2019\/","title":{"rendered":"A\u00e9roport d\u2019Oujda: Plus de 700.000 passagers en 2019"},"content":{"rendered":"<p class=\"c5\">Plus de 700.000 passagers ont \u00e9t\u00e9 accueillis au niveau de l\u2019a\u00e9roport Oujda-Angad au cours de l\u2019ann\u00e9e 2019, selon un rapport de l\u2019Office national des a\u00e9roports (ONDA).<\/p>\n<p class=\"c5\">Les passagers ayant transit\u00e9 via cet a\u00e9roport en 2019 sont au nombre de 701.913 contre 675.990 durant l\u2019ann\u00e9e 2018, soit une \u00e9volution de 3,83 %, pr\u00e9cise la m\u00eame source.<\/p>\n<p class=\"c5\">Ce r\u00e9sultat qui repr\u00e9sente 2,80% du volume du trafic a\u00e9rien au niveau des diff\u00e9rents a\u00e9roports du Royaume, place cet a\u00e9roport \u00e0 la 8\u00e8me place \u00e0 l\u2019\u00e9chelon national et \u00e0 la deuxi\u00e8me place sur le plan r\u00e9gional derri\u00e8re l\u2019a\u00e9roport Nador-Al Aroui (7\u00e8 place avec 772.371 passagers en 2019).<\/p>\n<p class=\"c5\">Pour ce qui est des r\u00e9sultats du seul mois de d\u00e9cembre, le rapport fait savoir que le nombre de passagers enregistr\u00e9s au niveau de l\u2019a\u00e9roport d\u2019Oujda s\u2019est chiffr\u00e9 \u00e0 44.039 voyageurs contre 41.858 passagers durant le m\u00eame mois de l\u2019ann\u00e9e \u00e9coul\u00e9e, soit une progression de 5,21 % et une part de 2,17 %.<\/p>\n<p class=\"c5\">L\u2019a\u00e9roport Oujda-Angad est li\u00e9 \u00e0 plusieurs a\u00e9roports europ\u00e9ens, notamment de France (Paris, Marseille, Beauvais et Strasbourg), de Belgique (Bruxelles, Charleroi), d\u2019Allemagne (D\u00fcsseldorf) et des Pays-Bas (Amsterdam).<\/p>\n<p class=\"c5\">Le nombre de passagers ayant transit\u00e9 via l\u2019a\u00e9roport Oujda-Angad en 2017 a atteint 635.746 voyageurs, rappelle-t-on.<\/p>\n<p class=\"c5\">Selon l\u2019ONDA, l\u2019ann\u00e9e 2019 est une ann\u00e9e record pour les a\u00e9roports du Royaume qui ont accueilli 25.059.840 passagers, soit une hausse de l\u2019ordre de +11,18% par rapport \u00e0 l\u2019ann\u00e9e 2018.<\/p>\n<p>Auteur: Soufiane ELAHMAR<br \/>\n<a href=\"http:\/\/www.mapoujda.ma\/fr\/aeroport-doujda-plus-de-700-000-passagers-en-2019\/\">Cliquez ici pour lire l&rsquo;article depuis sa source.<\/a><\/p>\n","protected":false},"excerpt":{"rendered":"<p>Plus de 700.000 passagers ont \u00e9t\u00e9 accueillis au niveau de l\u2019a\u00e9roport Oujda-Angad au cours de l\u2019ann\u00e9e 2019, selon un rapport de l\u2019Office national des a\u00e9roports (ONDA). Les passagers ayant transit\u00e9 via cet a\u00e9roport en 2019 sont au nombre de 701.913 contre 675.990 durant l\u2019ann\u00e9e 2018, soit une \u00e9volution de 3,83 %, pr\u00e9cise la m\u00eame source. [&hellip;]<\/p>\n","protected":false},"author":1788,"featured_media":0,"comment_status":"closed","ping_status":"closed","sticky":false,"template":"","format":"standard","meta":{"fifu_image_url":"","fifu_image_alt":"","footnotes":""},"categories":[54,76],"tags":[],"class_list":["post-75899","post","type-post","status-publish","format-standard","hentry","category-maroc","category-regions"],"_links":{"self":[{"href":"https:\/\/linitiative.ca\/International\/wp-json\/wp\/v2\/posts\/75899","targetHints":{"allow":["GET"]}}],"collection":[{"href":"https:\/\/linitiative.ca\/International\/wp-json\/wp\/v2\/posts"}],"about":[{"href":"https:\/\/linitiative.ca\/International\/wp-json\/wp\/v2\/types\/post"}],"author":[{"embeddable":true,"href":"https:\/\/linitiative.ca\/International\/wp-json\/wp\/v2\/users\/1788"}],"replies":[{"embeddable":true,"href":"https:\/\/linitiative.ca\/International\/wp-json\/wp\/v2\/comments?post=75899"}],"version-history":[{"count":0,"href":"https:\/\/linitiative.ca\/International\/wp-json\/wp\/v2\/posts\/75899\/revisions"}],"wp:attachment":[{"href":"https:\/\/linitiative.ca\/International\/wp-json\/wp\/v2\/media?parent=75899"}],"wp:term":[{"taxonomy":"category","embeddable":true,"href":"https:\/\/linitiative.ca\/International\/wp-json\/wp\/v2\/categories?post=75899"},{"taxonomy":"post_tag","embeddable":true,"href":"https:\/\/linitiative.ca\/International\/wp-json\/wp\/v2\/tags?post=75899"}],"curies":[{"name":"wp","href":"https:\/\/api.w.org\/{rel}","templated":true}]}}