{"id":75900,"date":"2020-02-11T17:06:24","date_gmt":"2020-02-11T22:06:24","guid":{"rendered":"https:\/\/linitiative.ca\/International\/deux-arrestations-pour-coups-et-blessures-mortels\/"},"modified":"2020-02-11T17:06:24","modified_gmt":"2020-02-11T22:06:24","slug":"deux-arrestations-pour-coups-et-blessures-mortels","status":"publish","type":"post","link":"https:\/\/linitiative.ca\/International\/deux-arrestations-pour-coups-et-blessures-mortels\/","title":{"rendered":"Deux arrestations pour coups et blessures mortels"},"content":{"rendered":"<div class=\"single-featured\"><img alt=\"\" data-src=\"http:\/\/www.mapoujda.ma\/map\/uploads\/2019\/12\/Element-de-la-DGSN-M750\u00d7430-MAP-Archive.jpg\"\/><\/div>\n<div class=\"entry-content clearfix single-post-content\" readability=\"66\">\n<p class=\"c5\">Les \u00e9l\u00e9ments du service pr\u00e9fectoral de la police judiciaire de la ville d\u2019Oujda ont arr\u00eat\u00e9 mardi un homme et une femme, \u00e2g\u00e9s respectivement de 23 et 25 ans, aux multiples ant\u00e9c\u00e9dents judiciaires, pour leur implication pr\u00e9sum\u00e9e dans une affaire de coups et blessures ayant entra\u00een\u00e9 la mort.<\/p>\n<p class=\"c5\">La Direction g\u00e9n\u00e9rale de la s\u00fbret\u00e9 nationale (DGSN) a indiqu\u00e9 mardi dans un communiqu\u00e9 que les services de la s\u00fbret\u00e9 avaient constat\u00e9, le 06 f\u00e9vrier, le corps d\u2019une victime portant plusieurs traces de violence, suite \u00e0 sa chute suspecte du premier \u00e9tage d\u2019une maison \u00e0 Hay Nahda, avant que les enqu\u00eates ne r\u00e9v\u00e8lent la pr\u00e9sence pr\u00e9sum\u00e9e des mis en cause sur la sc\u00e8ne du crime.<\/p>\n<p class=\"c5\">L\u2019homme arr\u00eat\u00e9 et la d\u00e9funte devraient \u00eatre impliqu\u00e9s dans une dispute et le corps a \u00e9t\u00e9 trouv\u00e9 dans des circonstances qui pourraient \u00eatre criminelles, fait savoir le communiqu\u00e9.<\/p>\n<p class=\"c5\">Lors des formalit\u00e9s de l\u2019arrestation, le mis en cause a tent\u00e9 de fuir en grimpant les b\u00e2timents avoisinant son domicile, ce qui a pouss\u00e9 les \u00e9l\u00e9ments de la police judiciaire \u00e0 le poursuivre et \u00e0 lancer accidentellement une balle \u00e0 partir d\u2019une arme de service d\u2019un agent de police, sans causer des blessures ou des d\u00e9g\u00e2ts mat\u00e9riels, a ajout\u00e9 la m\u00eame source.<\/p>\n<p class=\"c5\">Les deux suspects ont \u00e9t\u00e9 plac\u00e9s en garde \u00e0 vue \u00e0 la disposition de l\u2019enqu\u00eate men\u00e9e sous la supervision du parquet comp\u00e9tent, afin de d\u00e9terminer les tenants et aboutissants de cette affaire et de mesurer le niveau d\u2019implication de chacun des mis en cause dans la perp\u00e9tration de ces actes criminels.<\/p>\n<\/div>\n<p>Auteur: Soufiane ELAHMAR<br \/>\n<a href=\"http:\/\/www.mapoujda.ma\/fr\/deux-arrestations-pour-coups-et-blessures-mortels\/\">Cliquez ici pour lire l&rsquo;article depuis sa source.<\/a><\/p>\n","protected":false},"excerpt":{"rendered":"<p>Les \u00e9l\u00e9ments du service pr\u00e9fectoral de la police judiciaire de la ville d\u2019Oujda ont arr\u00eat\u00e9 mardi un homme et une femme, \u00e2g\u00e9s respectivement de 23 et 25 ans, aux multiples ant\u00e9c\u00e9dents judiciaires, pour leur implication pr\u00e9sum\u00e9e dans une affaire de coups et blessures ayant entra\u00een\u00e9 la mort. La Direction g\u00e9n\u00e9rale de la s\u00fbret\u00e9 nationale (DGSN) [&hellip;]<\/p>\n","protected":false},"author":1788,"featured_media":75901,"comment_status":"closed","ping_status":"closed","sticky":false,"template":"","format":"standard","meta":{"fifu_image_url":"","fifu_image_alt":"","footnotes":""},"categories":[54,76],"tags":[],"class_list":["post-75900","post","type-post","status-publish","format-standard","has-post-thumbnail","hentry","category-maroc","category-regions"],"_links":{"self":[{"href":"https:\/\/linitiative.ca\/International\/wp-json\/wp\/v2\/posts\/75900","targetHints":{"allow":["GET"]}}],"collection":[{"href":"https:\/\/linitiative.ca\/International\/wp-json\/wp\/v2\/posts"}],"about":[{"href":"https:\/\/linitiative.ca\/International\/wp-json\/wp\/v2\/types\/post"}],"author":[{"embeddable":true,"href":"https:\/\/linitiative.ca\/International\/wp-json\/wp\/v2\/users\/1788"}],"replies":[{"embeddable":true,"href":"https:\/\/linitiative.ca\/International\/wp-json\/wp\/v2\/comments?post=75900"}],"version-history":[{"count":0,"href":"https:\/\/linitiative.ca\/International\/wp-json\/wp\/v2\/posts\/75900\/revisions"}],"wp:featuredmedia":[{"embeddable":true,"href":"https:\/\/linitiative.ca\/International\/wp-json\/"}],"wp:attachment":[{"href":"https:\/\/linitiative.ca\/International\/wp-json\/wp\/v2\/media?parent=75900"}],"wp:term":[{"taxonomy":"category","embeddable":true,"href":"https:\/\/linitiative.ca\/International\/wp-json\/wp\/v2\/categories?post=75900"},{"taxonomy":"post_tag","embeddable":true,"href":"https:\/\/linitiative.ca\/International\/wp-json\/wp\/v2\/tags?post=75900"}],"curies":[{"name":"wp","href":"https:\/\/api.w.org\/{rel}","templated":true}]}}