{"id":75902,"date":"2020-02-12T15:14:07","date_gmt":"2020-02-12T20:14:07","guid":{"rendered":"https:\/\/linitiative.ca\/International\/ligue-1-2-mca-almas-il-faut-regler-le-cas-casoni-pour-qualifier-neghiz\/"},"modified":"2020-02-12T15:14:07","modified_gmt":"2020-02-12T20:14:07","slug":"ligue-1-2-mca-almas-il-faut-regler-le-cas-casoni-pour-qualifier-neghiz","status":"publish","type":"post","link":"https:\/\/linitiative.ca\/International\/ligue-1-2-mca-almas-il-faut-regler-le-cas-casoni-pour-qualifier-neghiz\/","title":{"rendered":"Ligue 1 &amp; 2 : MCA : Almas \u00abIl faut r\u00e9gler le cas Casoni pour qualifier Neghiz\u00bb"},"content":{"rendered":"<div readability=\"33\">\n<p>Auteur : <span>Kamel M., T. Che<\/span> <span class=\"time\">mercredi 12 f\u00e9vrier 2020 14:14<\/span><\/p>\n<\/div>\n<div id=\"post_core\" readability=\"147\">\n<p>Pr\u00e9sent lors du point de presse anim\u00e9 par Neghiz \u00e0 la salle des conf\u00e9rences du stade du 5-Juillet,\u00a0 le pr\u00e9sident du CA Nacer Almas, s\u2019est exprim\u00e9 \u00e0 son tour sur certains sujets, dont l\u2019affaire Casoni : \u00ab Comme vous le savez, nous sommes \u00e0 cheval sur le dossier de Casoni afin qu\u2019on r\u00e9silie son contrat, mais tant qu\u2019il n\u2019a pas proc\u00e9d\u00e9 \u00e0 cette op\u00e9ration, Neghiz ne pourra malheureusement b\u00e9n\u00e9ficier d\u2019une licence d\u2019entra\u00eeneur en Chef.\u00bb<\/p>\n<p><strong>\u00abSon argent est disponible mais le probl\u00e8me r\u00e9side dans le transfert au niveau de la banque\u00bb<\/strong><br \/>Le premier responsable du Mouloudia s\u2019est \u00e9tal\u00e9 avec d\u00e9tails sur cette affaire, infirmant que le blocage est d\u2019ordre financier au niveau du Mouloudia : \u00abIl faut savoir que l\u2019argent de Casoni est disponible dans les caisses du club et ce n\u2019est pas de notre faute si on n\u2019a pu r\u00e9silier son contrat, car le blocage r\u00e9side dans le transfert financier au niveau de la banque. Nous allons inviter Casoni dans les prochains jours pour r\u00e9gler ce probl\u00e8me.\u00bb<\/p>\n<p><strong>\u00abD\u00e8s que le 5-Juillet sera pr\u00eat, le Mouloudia y sera de retour\u00bb<\/strong><br \/>Abord\u00e9 au sujet de la date du retour de l\u2019\u00e9quipe au stade du 5-Juillet, \u00e0 ce sujet il dira : \u00abVous savez tous que le MCA est domicili\u00e9 au stade du 5-Juillet, mais il y a des travaux de r\u00e9novation qui ne se sont pas encore achev\u00e9s et nous avons demand\u00e9 \u00e0 la direction de l\u2019OCO de les acc\u00e9l\u00e9rer. Je ne peux avancer aucune date, mais d\u00e8s que le 5-Juillet sera pr\u00eat, le Mouloudia y retournera.\u00bb \u00a0<\/p>\n<p><strong>\u00abQue Mekhazni me ram\u00e8ne le bon et je lui rembourse la Parka qu\u2019il a pay\u00e9e\u00bb<\/strong><br \/>Evoquant avec le pr\u00e9sident du MCA les r\u00e9centes d\u00e9clarations de Mekhanzi qui affirmait que les joueurs n\u2019avaient pas d\u2019argent au point de s\u2019emprunter entre eux de petites sommes de 2000 \u00e0 3000 DA, et que lui-m\u00eame a mis la main dans la poche pour acheter une parka, \u00e0 ce sujet Almas r\u00e9plique : \u00abSachez que le probl\u00e8me financier n\u2019est pas propre au Mouloudia, mais je tiens \u00e0 vous assurer que nous avons r\u00e9gularis\u00e9 en tr\u00e8s grande partie la situation financi\u00e8re des joueurs. Quant \u00e0 Mekhazni que je salue pour le travail qu\u2019il a effectu\u00e9 et il est de retour aux jeunes cat\u00e9gories, je vais lui r\u00e9pondre avec une anecdote pour lui dire qu\u2019il me ram\u00e8ne le bon d\u2019achat et je vais lui rembourser la Parka qu\u2019il a pay\u00e9e et je ne ferai aucun autre commentaire.\u00bb<br \/>\u00a0<\/p>\n<p><strong>Brahimi \u00abIl faut arr\u00eater de parler et travailler pour redresser<br \/>la barre en championnat\u00bb<\/strong><\/p>\n<p>La lat\u00e9ral gauche mouloud\u00e9en, Belgacem Brahimi veut tourner la page pour se focaliser sur le championnat avec l\u2019ambition de remettre les pendules \u00e0 l\u2019heure. \u00ab On a v\u00e9cu un match tr\u00e8s difficile avec une tr\u00e8s grosse pression du public marocain. Et malgr\u00e9 cela, on a pu gagner mais cela \u00e9tait insuffisant pour se qualifier. Ainsi, on a rat\u00e9 la qualification au match aller \u00e0 Blida. On a \u00e9t\u00e9 des hommes sur le terrain pour battre cette redoutable \u00e9quipe du Raja. Maintenant, il faut arr\u00eater de parler et travailler \u00e0 fond pour redresser la barre en championnat.\u00bb<\/p>\n<p><strong>\u00abIl faut r\u00e9agir contre la Saoura par une victoire\u00bb<\/strong><br \/>Concernant la prochaine affiche face \u00e0 la JSS qui se dessine \u00e0 l\u2019horizon, Brahimi nous dira : \u00abIl y aura une grosse affiche face \u00e0 la JSS. Maintenant, on n\u2019a pas le choix, il faut r\u00e9agir contre la Saoura, car il ne reste que le championnat.\u00bb<br \/>\u00a0<\/p>\n<p><strong>Les U-21 ont fait chuter la JSS, leader du championnat<\/strong><\/p>\n<p>Apr\u00e8s la cruelle d\u00e9sillusion en Coupe d\u2019Alg\u00e9rie face au CSC, les U-21 du Mouloudia ont eu une tr\u00e8s belle r\u00e9action en s\u2019imposant hier matin face \u00e0 la JSS au stade de Baraki sur le score de 2 \u00e0 0. Le h\u00e9ros du jour a pour nom Adlane Messaoudi qui fut l\u2019auteur d\u2019un doubl\u00e9. La r\u00e9serve du Mouloudia a tout simplement fait chuter le leader qui domine le championnat de la t\u00eate et des \u00e9paules. Les poulains de Laouamen affichent un 13e match sans d\u00e9faite en championnat qui leur permet de se rapprocher du podium.\u00a0\u00a0\u00a0\u00a0 \u00a0<br \/><strong>Amrouche victime d\u2019une fracture au nez<\/strong><br \/>Le jeune Mohamed Amrouche, milieu de terrain des U-21, a \u00e9t\u00e9 \u00e9vacu\u00e9 hier en urgence \u00e0 l\u2019h\u00f4pital. Et pour cause, le joueur a \u00e9t\u00e9 victime d\u2019une fracture au nez, plus quatre points de suture. \u00a0<br \/><strong>Cinq \u00e9l\u00e9ments du MCA depuis hier en stage avec l\u2019EN des U-20<\/strong><br \/>Depuis l\u2019ann\u00e9e 2010, on n\u2019avait pas vu cela au Mouloudia. Hier, cinq \u00e9l\u00e9ments \u00e9taient retenus pour le stage de l\u2019EN des U-20 qui a d\u00e9but\u00e9 au CTN de Sidi Moussa. Il s\u2019agit pour la s\u00e9lection de pr\u00e9parer la Coupe arabe qui se tiendra vers la fin du mois en Arabie Saoudite. Les cinq \u00e9l\u00e9ments convoqu\u00e9s sont Rahmani, Ramdane, Yakoubi, Boulamkhali et Bouchenane. Une grande satisfaction pour Mohamed Mekhazni qui \u00e9tait derri\u00e8re le recrutement des \u00e9l\u00e9ments pr\u00e9cit\u00e9s.<br \/>\u00a0<\/p>\n<p><strong>Almas pr\u00e9sente Neghiz aux troupes<\/strong><\/p>\n<p>Comme l\u2019exige les formalit\u00e9s d\u2019usage, c\u2019est le pr\u00e9sident du conseil, Nacer Almas, qui a pr\u00e9sent\u00e9 Nabil Neghiz aux joueurs. Et m\u00eame si le nouveau technicien conna\u00eet la majorit\u00e9 d\u2019entre eux, Neghiz s\u2019est pli\u00e9 \u00e0 cette tradition en pr\u00e9sentant l\u2019ensemble des troupes. \u00a0<\/p>\n<p><strong>R\u00e9union Neghiz-joueurs en pr\u00e9sence des dirigeants et du staff m\u00e9dical<\/strong><br \/>Juste apr\u00e8s avoir anim\u00e9 le point de presse, Nabil Neghiz s\u2019est rendu au centre d\u2019A\u00efn Benian pour diriger sa premi\u00e8re s\u00e9ance d\u2019exercices. Mais avant d\u2019entamer le programme du jour, le successeur de Casoni a tenu une r\u00e9union avec les joueurs en pr\u00e9sence des dirigeants, membre du staff technique et m\u00e9dical. Celle-ci a dur\u00e9 quelque temps, o\u00f9 l\u2019ancien s\u00e9lectionneur a mis en \u00e9vidence la feuille de route et ce qu\u2019il attend de ses troupes en cette deuxi\u00e8me partie de championnat. Connaissant la plupart des joueurs, \u00e0 l\u2019image de Bourdim, Djabou, Rebiai, Harrag, Allati et Brahimi, Neghiz n\u2019a eu aucun probl\u00e8me \u00e0 transmettre son message qui a \u00e9t\u00e9 re\u00e7u \u00e0 100% par le vestiaire alg\u00e9rois.<\/p>\n<p><strong>Le coach a fait le point avec son \u00e9tat-major<\/strong><br \/>Juste avant les pr\u00e9sentations, Neghiz a eu une r\u00e9union de travail avec son \u00e9tat-major compos\u00e9 de Lafri, Babouche, Ikiouane le pr\u00e9parateur physique et Ch\u00e9riet, l\u2019entra\u00eeneur des gardiens. Neghiz en a profit\u00e9 pour \u00e9tablir sa feuille de route avant de passer \u00e0 l\u2019action. \u00a0<\/p>\n<p><strong>Babouche retrouve Hachoud<\/strong><br \/>Apr\u00e8s avoir \u00e9t\u00e9 longtemps le capitaine de l\u2019\u00e9quipe mouloud\u00e9enne, R\u00e9da Babouche revient cette fois-ci en tant que membre du staff technique. Le natif de Skikda retrouvait \u00e0 cette occasion Abderrahmane Hachoud qui \u00e9tait son partenaire au Mouloudia. Les deux joueurs ont \u00e9volu\u00e9 ensemble en 2013 avant la suspension de R\u00e9da.<br \/>\u00a0<\/p>\n<p><strong>Publi\u00e9 dans :<\/strong> <span>mca<\/span> <span>hachoud<\/span> <span>Brahimi<\/span> <span>Amrouche<\/span> <span>Mekhazni<\/span> <span>Babouche<\/span> <span>Almas<\/span><\/p>\n<\/div>\n<p>Auteur:<br \/>\n<a href=\"http:\/\/www.lebuteur.com\/article\/detail?titre=mca-almas-il-faut-regler-le-cas-casoni-pour-qualifier-neghiz&#038;id=94767&#038;utm_source=feedburner&#038;utm_medium=feed&#038;utm_campaign=Feed%3A+GalerieFArtciles+%28Les+derniers+articles++-+lebuteur.com%29\">Cliquez ici pour lire l&rsquo;article depuis sa source.<\/a><\/p>\n","protected":false},"excerpt":{"rendered":"<p>Auteur : Kamel M., T. Che mercredi 12 f\u00e9vrier 2020 14:14 Pr\u00e9sent lors du point de presse anim\u00e9 par Neghiz \u00e0 la salle des conf\u00e9rences du stade du 5-Juillet,\u00a0 le pr\u00e9sident du CA Nacer Almas, s\u2019est exprim\u00e9 \u00e0 son tour sur certains sujets, dont l\u2019affaire Casoni : \u00ab Comme vous le savez, nous sommes \u00e0 [&hellip;]<\/p>\n","protected":false},"author":1738,"featured_media":75903,"comment_status":"closed","ping_status":"closed","sticky":false,"template":"","format":"standard","meta":{"fifu_image_url":"","fifu_image_alt":"","footnotes":""},"categories":[53,75],"tags":[],"class_list":["post-75902","post","type-post","status-publish","format-standard","has-post-thumbnail","hentry","category-algerie","category-sport"],"_links":{"self":[{"href":"https:\/\/linitiative.ca\/International\/wp-json\/wp\/v2\/posts\/75902","targetHints":{"allow":["GET"]}}],"collection":[{"href":"https:\/\/linitiative.ca\/International\/wp-json\/wp\/v2\/posts"}],"about":[{"href":"https:\/\/linitiative.ca\/International\/wp-json\/wp\/v2\/types\/post"}],"author":[{"embeddable":true,"href":"https:\/\/linitiative.ca\/International\/wp-json\/wp\/v2\/users\/1738"}],"replies":[{"embeddable":true,"href":"https:\/\/linitiative.ca\/International\/wp-json\/wp\/v2\/comments?post=75902"}],"version-history":[{"count":0,"href":"https:\/\/linitiative.ca\/International\/wp-json\/wp\/v2\/posts\/75902\/revisions"}],"wp:featuredmedia":[{"embeddable":true,"href":"https:\/\/linitiative.ca\/International\/wp-json\/"}],"wp:attachment":[{"href":"https:\/\/linitiative.ca\/International\/wp-json\/wp\/v2\/media?parent=75902"}],"wp:term":[{"taxonomy":"category","embeddable":true,"href":"https:\/\/linitiative.ca\/International\/wp-json\/wp\/v2\/categories?post=75902"},{"taxonomy":"post_tag","embeddable":true,"href":"https:\/\/linitiative.ca\/International\/wp-json\/wp\/v2\/tags?post=75902"}],"curies":[{"name":"wp","href":"https:\/\/api.w.org\/{rel}","templated":true}]}}