{"id":75904,"date":"2020-02-12T15:14:10","date_gmt":"2020-02-12T20:14:10","guid":{"rendered":"https:\/\/linitiative.ca\/International\/international-barca-luis-suarez-bientot-de-retour\/"},"modified":"2020-02-12T15:14:10","modified_gmt":"2020-02-12T20:14:10","slug":"international-barca-luis-suarez-bientot-de-retour","status":"publish","type":"post","link":"https:\/\/linitiative.ca\/International\/international-barca-luis-suarez-bientot-de-retour\/","title":{"rendered":"International : Bar\u00e7a : Luis Suarez bient\u00f4t de retour ?"},"content":{"rendered":"<div readability=\"32\">\n<p>Auteur : <span class=\"time\">mercredi 12 f\u00e9vrier 2020 15:30<\/span><\/p>\n<\/div>\n<div id=\"post_core\" readability=\"51\">\n<p>Enfin une bonne nouvelle pour les supporters Catalans. Avec les blessures combin\u00e9es d&rsquo;Ousmane Demb\u00e9l\u00e9 et de Luis Suarez, l&rsquo;attaque blaugrana a en quelques semaines perdue de sa superbe. Pourtant, l&rsquo;Uruguayen pourrait revenir plus t\u00f4t que pr\u00e9vu. Selon Onzemondial, sa r\u00e9cup\u00e9ration physique se d\u00e9roule pour le mieux et le num\u00e9ro 9 pourrait faire son retour dans le groupe d\u00e8s la mi-avril.<\/p>\n<p>Depuis la blessure de Luis Suarez, le Bar\u00e7a a conc\u00e9d\u00e9 2 d\u00e9faites, dont une \u00e9limination en Coupe du Roi, et 1 match nul, se sortant \u00e9galement difficilement des pi\u00e8ges tendus en championnat par Levante (2-1) ou le B\u00e9tis (2-3). M\u00eame s&rsquo;il n&rsquo;est programm\u00e9 que pour dans 2 mois, le retour de l&rsquo;Uruguayen fera ainsi du bien au Bar\u00e7a dans le sprint final qui s&rsquo;annonce en Liga et peut-\u00eatre en Ligue des Champions, si les Catalans remportent leur opposition face \u00e0 Naples en huiti\u00e8me de finale.\u00a0<\/p>\n<p><strong>Publi\u00e9 dans :<\/strong> <span>bar\u00e7a<\/span> <span>suarez<\/span><\/p>\n<\/div>\n<p>Auteur:<br \/>\n<a href=\"http:\/\/www.lebuteur.com\/article\/detail?titre=barca-luis-suarez-bientot-de-retour&#038;id=94777&#038;utm_source=feedburner&#038;utm_medium=feed&#038;utm_campaign=Feed%3A+GalerieFArtciles+%28Les+derniers+articles++-+lebuteur.com%29\">Cliquez ici pour lire l&rsquo;article depuis sa source.<\/a><\/p>\n","protected":false},"excerpt":{"rendered":"<p>Auteur : mercredi 12 f\u00e9vrier 2020 15:30 Enfin une bonne nouvelle pour les supporters Catalans. Avec les blessures combin\u00e9es d&rsquo;Ousmane Demb\u00e9l\u00e9 et de Luis Suarez, l&rsquo;attaque blaugrana a en quelques semaines perdue de sa superbe. Pourtant, l&rsquo;Uruguayen pourrait revenir plus t\u00f4t que pr\u00e9vu. Selon Onzemondial, sa r\u00e9cup\u00e9ration physique se d\u00e9roule pour le mieux et le [&hellip;]<\/p>\n","protected":false},"author":1738,"featured_media":75905,"comment_status":"closed","ping_status":"closed","sticky":false,"template":"","format":"standard","meta":{"fifu_image_url":"","fifu_image_alt":"","footnotes":""},"categories":[53,75],"tags":[],"class_list":["post-75904","post","type-post","status-publish","format-standard","has-post-thumbnail","hentry","category-algerie","category-sport"],"_links":{"self":[{"href":"https:\/\/linitiative.ca\/International\/wp-json\/wp\/v2\/posts\/75904","targetHints":{"allow":["GET"]}}],"collection":[{"href":"https:\/\/linitiative.ca\/International\/wp-json\/wp\/v2\/posts"}],"about":[{"href":"https:\/\/linitiative.ca\/International\/wp-json\/wp\/v2\/types\/post"}],"author":[{"embeddable":true,"href":"https:\/\/linitiative.ca\/International\/wp-json\/wp\/v2\/users\/1738"}],"replies":[{"embeddable":true,"href":"https:\/\/linitiative.ca\/International\/wp-json\/wp\/v2\/comments?post=75904"}],"version-history":[{"count":0,"href":"https:\/\/linitiative.ca\/International\/wp-json\/wp\/v2\/posts\/75904\/revisions"}],"wp:featuredmedia":[{"embeddable":true,"href":"https:\/\/linitiative.ca\/International\/wp-json\/"}],"wp:attachment":[{"href":"https:\/\/linitiative.ca\/International\/wp-json\/wp\/v2\/media?parent=75904"}],"wp:term":[{"taxonomy":"category","embeddable":true,"href":"https:\/\/linitiative.ca\/International\/wp-json\/wp\/v2\/categories?post=75904"},{"taxonomy":"post_tag","embeddable":true,"href":"https:\/\/linitiative.ca\/International\/wp-json\/wp\/v2\/tags?post=75904"}],"curies":[{"name":"wp","href":"https:\/\/api.w.org\/{rel}","templated":true}]}}