{"id":75906,"date":"2020-02-12T15:14:13","date_gmt":"2020-02-12T20:14:13","guid":{"rendered":"https:\/\/linitiative.ca\/International\/international-ajax-ziyech-un-accord-avec-un-cador-de-premier-league\/"},"modified":"2020-02-12T15:14:13","modified_gmt":"2020-02-12T20:14:13","slug":"international-ajax-ziyech-un-accord-avec-un-cador-de-premier-league","status":"publish","type":"post","link":"https:\/\/linitiative.ca\/International\/international-ajax-ziyech-un-accord-avec-un-cador-de-premier-league\/","title":{"rendered":"International : Ajax : Ziyech, un accord avec un cador de Premier League ?"},"content":{"rendered":"<div readability=\"32\">\n<p>Auteur : <span class=\"time\">mercredi 12 f\u00e9vrier 2020 16:00<\/span><\/p>\n<\/div>\n<div id=\"post_core\" readability=\"39\">\n<p>Selon Football, un accord oral aurait \u00e9t\u00e9 ent\u00e9rin\u00e9 entre l\u2019Ajax et Chelsea pour un transfert du joueur \u00e0 la fin de la saison. Une somme d\u2019environ 45 millions d\u2019euros est \u00e9voqu\u00e9e. Li\u00e9 encore au club batave jusqu\u2019en juin 2022, l\u2019international marocain de 26 ans a disput\u00e9 29 rencontres (toutes comp\u00e9titions confondues) au cours de cet exercice 2019-2020 pour 8 buts inscrits et la bagatelle de 21 passes d\u00e9cisives d\u00e9livr\u00e9es.<\/p>\n<p><strong>Publi\u00e9 dans :<\/strong> <span>chelsea<\/span> <span>Ajax<\/span> <span>Ziyech<\/span><\/p>\n<\/div>\n<p>Auteur:<br \/>\n<a href=\"http:\/\/www.lebuteur.com\/article\/detail?titre=ajax-ziyech-un-accord-avec-un-cador-de-premier-league&#038;id=94778&#038;utm_source=feedburner&#038;utm_medium=feed&#038;utm_campaign=Feed%3A+GalerieFArtciles+%28Les+derniers+articles++-+lebuteur.com%29\">Cliquez ici pour lire l&rsquo;article depuis sa source.<\/a><\/p>\n","protected":false},"excerpt":{"rendered":"<p>Auteur : mercredi 12 f\u00e9vrier 2020 16:00 Selon Football, un accord oral aurait \u00e9t\u00e9 ent\u00e9rin\u00e9 entre l\u2019Ajax et Chelsea pour un transfert du joueur \u00e0 la fin de la saison. Une somme d\u2019environ 45 millions d\u2019euros est \u00e9voqu\u00e9e. Li\u00e9 encore au club batave jusqu\u2019en juin 2022, l\u2019international marocain de 26 ans a disput\u00e9 29 rencontres [&hellip;]<\/p>\n","protected":false},"author":1738,"featured_media":0,"comment_status":"closed","ping_status":"closed","sticky":false,"template":"","format":"standard","meta":{"fifu_image_url":"","fifu_image_alt":"","footnotes":""},"categories":[53,75],"tags":[],"class_list":["post-75906","post","type-post","status-publish","format-standard","hentry","category-algerie","category-sport"],"_links":{"self":[{"href":"https:\/\/linitiative.ca\/International\/wp-json\/wp\/v2\/posts\/75906","targetHints":{"allow":["GET"]}}],"collection":[{"href":"https:\/\/linitiative.ca\/International\/wp-json\/wp\/v2\/posts"}],"about":[{"href":"https:\/\/linitiative.ca\/International\/wp-json\/wp\/v2\/types\/post"}],"author":[{"embeddable":true,"href":"https:\/\/linitiative.ca\/International\/wp-json\/wp\/v2\/users\/1738"}],"replies":[{"embeddable":true,"href":"https:\/\/linitiative.ca\/International\/wp-json\/wp\/v2\/comments?post=75906"}],"version-history":[{"count":0,"href":"https:\/\/linitiative.ca\/International\/wp-json\/wp\/v2\/posts\/75906\/revisions"}],"wp:attachment":[{"href":"https:\/\/linitiative.ca\/International\/wp-json\/wp\/v2\/media?parent=75906"}],"wp:term":[{"taxonomy":"category","embeddable":true,"href":"https:\/\/linitiative.ca\/International\/wp-json\/wp\/v2\/categories?post=75906"},{"taxonomy":"post_tag","embeddable":true,"href":"https:\/\/linitiative.ca\/International\/wp-json\/wp\/v2\/tags?post=75906"}],"curies":[{"name":"wp","href":"https:\/\/api.w.org\/{rel}","templated":true}]}}