{"id":75908,"date":"2020-02-12T15:14:16","date_gmt":"2020-02-12T20:14:16","guid":{"rendered":"https:\/\/linitiative.ca\/International\/equipe-dalgerie-le-message-fort-de-medjani-aux-fans-et-aux-joueurs-de-len\/"},"modified":"2020-02-12T15:14:16","modified_gmt":"2020-02-12T20:14:16","slug":"equipe-dalgerie-le-message-fort-de-medjani-aux-fans-et-aux-joueurs-de-len","status":"publish","type":"post","link":"https:\/\/linitiative.ca\/International\/equipe-dalgerie-le-message-fort-de-medjani-aux-fans-et-aux-joueurs-de-len\/","title":{"rendered":"Equipe d&rsquo;Alg\u00e9rie : Le message fort de Medjani aux fans et aux joueurs de l\u2019EN"},"content":{"rendered":"<div readability=\"32\">\n<p>Auteur : <span>Moumen A.<\/span> <span class=\"time\">mercredi 12 f\u00e9vrier 2020 19:01<\/span><\/p>\n<\/div>\n<div id=\"post_core\" readability=\"56\">\n<p>Apr\u00e8s plusieurs ann\u00e9es de bons et loyaux services rendus \u00e0 la s\u00e9lection nationale, l&rsquo;ancien d\u00e9fenseur de l&rsquo;Equipe nationale, Carl Medjani, est parti en retraite internationale depuis pratiquement la venue du coach Djamel Belmadi. Medjani garde toutefois de tr\u00e8s bons souvenirs de son passage \u00a0comme il le laisse entendre dans une lettre post\u00e9e sur son compte Instagram officiel \u00ab\u00a0Une fiert\u00e9 d\u2019avoir port\u00e9 ce maillot \u00e0 62 reprises, et d\u2019avoir \u00e9t\u00e9 le capitaine des Fennecs. \u00c0 jamais dans mon, cette ferveur est sans commune mesure.\u00a0\u00bb<\/p>\n<p><strong>\u00ab\u00a0Faites-nous encore r\u00eaver. Pourquoi pas d\u00e8s la Coupe du monde. One, two, three, viva l\u2019Alg\u00e9rie \u00ab\u00a0<\/strong><\/p>\n<p>Apr\u00e8s deux Coupes\u00a0 du Monde avec les Verts en 2010 et en 2014 Carl Medjani rappelle l&rsquo;importance du peuple alg\u00e9rien dans la r\u00e9ussite de la s\u00e9lection de son pays\u00a0 \u00ab\u00a0Je sais ce que cette s\u00e9lection m\u2019a apport\u00e9. \u00a0Merci \u00e0 tout le peuple alg\u00e9rien pour le soutien constant que vous affichez et que vous m\u2019avez apport\u00e9. Y a rien \u00e0 dire vous \u00eates les meilleurs supporters du monde. Je remercie aussi tous mes fr\u00e8res de la s\u00e9lection pour ces moments partag\u00e9s ensemble\u2026Votre titre de champion d\u2019Afrique a \u00e9t\u00e9 magique.\u00a0 Je vous souhaite le meilleur pour la suite. Faites-nous encore r\u00eaver. Pourquoi pas d\u00e8s la Coupe du monde. One, two, three, viva l\u2019Alg\u00e9rie\u00a0\u00bb<\/p>\n<p><strong>Moumen A.<\/strong><\/p>\n<p><strong>Publi\u00e9 dans :<\/strong> <span>carl medjani<\/span><\/p>\n<\/div>\n<p>Auteur:<br \/>\n<a href=\"http:\/\/www.lebuteur.com\/article\/detail?titre=le-message-fort-de-medjani-aux-fans-et-aux-joueurs-de-len&#038;id=94779&#038;utm_source=feedburner&#038;utm_medium=feed&#038;utm_campaign=Feed%3A+GalerieFArtciles+%28Les+derniers+articles++-+lebuteur.com%29\">Cliquez ici pour lire l&rsquo;article depuis sa source.<\/a><\/p>\n","protected":false},"excerpt":{"rendered":"<p>Auteur : Moumen A. mercredi 12 f\u00e9vrier 2020 19:01 Apr\u00e8s plusieurs ann\u00e9es de bons et loyaux services rendus \u00e0 la s\u00e9lection nationale, l&rsquo;ancien d\u00e9fenseur de l&rsquo;Equipe nationale, Carl Medjani, est parti en retraite internationale depuis pratiquement la venue du coach Djamel Belmadi. Medjani garde toutefois de tr\u00e8s bons souvenirs de son passage \u00a0comme il le [&hellip;]<\/p>\n","protected":false},"author":1738,"featured_media":75909,"comment_status":"closed","ping_status":"closed","sticky":false,"template":"","format":"standard","meta":{"fifu_image_url":"","fifu_image_alt":"","footnotes":""},"categories":[53,75],"tags":[],"class_list":["post-75908","post","type-post","status-publish","format-standard","has-post-thumbnail","hentry","category-algerie","category-sport"],"_links":{"self":[{"href":"https:\/\/linitiative.ca\/International\/wp-json\/wp\/v2\/posts\/75908","targetHints":{"allow":["GET"]}}],"collection":[{"href":"https:\/\/linitiative.ca\/International\/wp-json\/wp\/v2\/posts"}],"about":[{"href":"https:\/\/linitiative.ca\/International\/wp-json\/wp\/v2\/types\/post"}],"author":[{"embeddable":true,"href":"https:\/\/linitiative.ca\/International\/wp-json\/wp\/v2\/users\/1738"}],"replies":[{"embeddable":true,"href":"https:\/\/linitiative.ca\/International\/wp-json\/wp\/v2\/comments?post=75908"}],"version-history":[{"count":0,"href":"https:\/\/linitiative.ca\/International\/wp-json\/wp\/v2\/posts\/75908\/revisions"}],"wp:featuredmedia":[{"embeddable":true,"href":"https:\/\/linitiative.ca\/International\/wp-json\/"}],"wp:attachment":[{"href":"https:\/\/linitiative.ca\/International\/wp-json\/wp\/v2\/media?parent=75908"}],"wp:term":[{"taxonomy":"category","embeddable":true,"href":"https:\/\/linitiative.ca\/International\/wp-json\/wp\/v2\/categories?post=75908"},{"taxonomy":"post_tag","embeddable":true,"href":"https:\/\/linitiative.ca\/International\/wp-json\/wp\/v2\/tags?post=75908"}],"curies":[{"name":"wp","href":"https:\/\/api.w.org\/{rel}","templated":true}]}}