{"id":75910,"date":"2020-02-12T15:14:19","date_gmt":"2020-02-12T20:14:19","guid":{"rendered":"https:\/\/linitiative.ca\/International\/pros-milan-ac-mauvaise-nouvelle-pour-le-concurrent-direct-de-bennacer\/"},"modified":"2020-02-12T15:14:19","modified_gmt":"2020-02-12T20:14:19","slug":"pros-milan-ac-mauvaise-nouvelle-pour-le-concurrent-direct-de-bennacer","status":"publish","type":"post","link":"https:\/\/linitiative.ca\/International\/pros-milan-ac-mauvaise-nouvelle-pour-le-concurrent-direct-de-bennacer\/","title":{"rendered":"Pros : Milan AC : Mauvaise nouvelle pour le concurrent direct de Bennacer"},"content":{"rendered":"<div readability=\"32\">\n<p>Auteur : <span class=\"time\">mercredi 12 f\u00e9vrier 2020 20:21<\/span><\/p>\n<\/div>\n<div id=\"post_core\" readability=\"38\">\n<p>La saison difficile de Lucas Biglia continue. Touch\u00e9 aux adducteurs puis aux ischios, le milieu argentin de 33 ans a disput\u00e9 seulement sept matches de Serie A cette saison \u00e0 pr\u00e9sent que Bennacer s&rsquo;est impos\u00e9 comme un titulaire indiscutable au milieu de terrain. Ce mercredi, il s&rsquo;est s\u00e9rieusement bless\u00e9 au genou droit comme l&rsquo;indique France Football. Le ligament m\u00e9dial collat\u00e9ral est touch\u00e9, et sa saison vraisemblablement d\u00e9j\u00e0 termin\u00e9e.<\/p>\n<p><strong>Publi\u00e9 dans :<\/strong> <span>BENNACER<\/span><\/p>\n<\/div>\n<p>Auteur:<br \/>\n<a href=\"http:\/\/www.lebuteur.com\/article\/detail?titre=milan-ac-mauvaise-nouvelle-pour-le-concurrent-direct-de-bennacer&#038;id=94780&#038;utm_source=feedburner&#038;utm_medium=feed&#038;utm_campaign=Feed%3A+GalerieFArtciles+%28Les+derniers+articles++-+lebuteur.com%29\">Cliquez ici pour lire l&rsquo;article depuis sa source.<\/a><\/p>\n","protected":false},"excerpt":{"rendered":"<p>Auteur : mercredi 12 f\u00e9vrier 2020 20:21 La saison difficile de Lucas Biglia continue. Touch\u00e9 aux adducteurs puis aux ischios, le milieu argentin de 33 ans a disput\u00e9 seulement sept matches de Serie A cette saison \u00e0 pr\u00e9sent que Bennacer s&rsquo;est impos\u00e9 comme un titulaire indiscutable au milieu de terrain. Ce mercredi, il s&rsquo;est s\u00e9rieusement [&hellip;]<\/p>\n","protected":false},"author":1738,"featured_media":75911,"comment_status":"closed","ping_status":"closed","sticky":false,"template":"","format":"standard","meta":{"fifu_image_url":"","fifu_image_alt":"","footnotes":""},"categories":[53,75],"tags":[],"class_list":["post-75910","post","type-post","status-publish","format-standard","has-post-thumbnail","hentry","category-algerie","category-sport"],"_links":{"self":[{"href":"https:\/\/linitiative.ca\/International\/wp-json\/wp\/v2\/posts\/75910","targetHints":{"allow":["GET"]}}],"collection":[{"href":"https:\/\/linitiative.ca\/International\/wp-json\/wp\/v2\/posts"}],"about":[{"href":"https:\/\/linitiative.ca\/International\/wp-json\/wp\/v2\/types\/post"}],"author":[{"embeddable":true,"href":"https:\/\/linitiative.ca\/International\/wp-json\/wp\/v2\/users\/1738"}],"replies":[{"embeddable":true,"href":"https:\/\/linitiative.ca\/International\/wp-json\/wp\/v2\/comments?post=75910"}],"version-history":[{"count":0,"href":"https:\/\/linitiative.ca\/International\/wp-json\/wp\/v2\/posts\/75910\/revisions"}],"wp:featuredmedia":[{"embeddable":true,"href":"https:\/\/linitiative.ca\/International\/wp-json\/"}],"wp:attachment":[{"href":"https:\/\/linitiative.ca\/International\/wp-json\/wp\/v2\/media?parent=75910"}],"wp:term":[{"taxonomy":"category","embeddable":true,"href":"https:\/\/linitiative.ca\/International\/wp-json\/wp\/v2\/categories?post=75910"},{"taxonomy":"post_tag","embeddable":true,"href":"https:\/\/linitiative.ca\/International\/wp-json\/wp\/v2\/tags?post=75910"}],"curies":[{"name":"wp","href":"https:\/\/api.w.org\/{rel}","templated":true}]}}