{"id":75912,"date":"2020-02-12T12:30:00","date_gmt":"2020-02-12T17:30:00","guid":{"rendered":"https:\/\/linitiative.ca\/International\/apn-poursuite-des-debats-sur-le-plan-daction-du-gouvernement%d8%b2les-deputes-se-penchent-sur-le-volet-economique\/"},"modified":"2020-02-12T12:30:00","modified_gmt":"2020-02-12T17:30:00","slug":"apn-poursuite-des-debats-sur-le-plan-daction-du-gouvernement%d8%b2les-deputes-se-penchent-sur-le-volet-economique","status":"publish","type":"post","link":"https:\/\/linitiative.ca\/International\/apn-poursuite-des-debats-sur-le-plan-daction-du-gouvernement%d8%b2les-deputes-se-penchent-sur-le-volet-economique\/","title":{"rendered":"APN \u2013 Poursuite des d\u00e9bats sur le plan d\u2019action du Gouvernement\u0632Les d\u00e9put\u00e9s se penchent sur le volet \u00e9conomique"},"content":{"rendered":"<p>Les d\u00e9put\u00e9s ont ax\u00e9 l\u2019essentiel de leurs d&rsquo;interventions sur le volet \u00e9conomique du plan et ont appel\u00e9 \u00e0 la n\u00e9cessit\u00e9 de veiller \u00e0 assurer la lev\u00e9e tous les obstacles et contraintes pouvant \u00e9ventuellement freiner l&rsquo;investissement et ce, dans le souci d\u2019am\u00e9liorer, voire optimiser le climat des affaires.<\/p>\n<p>Les membres de l\u2019APN ont \u00e9galement insist\u00e9 sur l\u2019importance de faciliter les proc\u00e9dures au profit des investisseurs \u00e9trangers\u00a0pour qu\u2019ils puissent contribuer \u00e0 la relance de l&rsquo;\u00e9conomie nationale. Les intervenants ont relev\u00e9 le fait que \u00ab\u00a0l\u2019ann\u00e9e 2020 sera celle des grands d\u00e9fis\u00a0\u00bb. Aussi, nombreux \u00e9taient les d\u00e9put\u00e9s ayant vivement salu\u00e9 le contenu du plan d\u2019action qu\u2019ils qualifient d\u2019ambitieux d&rsquo;autant plus que ce document s&rsquo;articule autour de six axes majeurs. Cependant, des \u00e9lus ont relev\u00e9 l\u2019absence de donn\u00e9es chiffr\u00e9es.<\/p>\n<p>C\u2019est le cas du d\u00e9put\u00e9 Aouafia Bouraghda de TAJ, qui a soulev\u00e9 le fait que le plan manque de donn\u00e9es chiffr\u00e9es int\u00e9ressant tous les secteurs d\u2019activit\u00e9s. Elle recommande, par ailleurs, de proc\u00e9der \u00e0 une \u00e9tude approfondie consacr\u00e9e au dinar, aux causes de sa d\u00e9valuation et aux voies et moyens de rem\u00e9dier \u00e0 ce probl\u00e8me. Mettant en avant toute l\u2019importance d\u2019augmenter les revenus hors-hydrocarbures, elle rel\u00e8ve l\u2019imp\u00e9rieuse n\u00e9cessit\u00e9 de diversifier l\u2019\u00e9conomie nationale.<\/p>\n<p>Pour sa part, le d\u00e9put\u00e9 Benyoucef Zerouki, d\u00e9put\u00e9 de TAJ, a soulign\u00e9 la n\u00e9cessit\u00e9 d&rsquo;am\u00e9liorer le climat d\u2019affaires et de le hisser \u00e0 la hauteur des ambitions de la natio. Ce d\u00e9put\u00e9 a jug\u00e9 n\u00e9cessaire la r\u00e9activation de l\u2019annulation de la r\u00e8gle 49-51 pour les secteurs non strat\u00e9giques.<\/p>\n<p>M. Benyoucef Zerouki a \u00e9galement mis l\u2019accent sur toute l\u2019importance de g\u00e9n\u00e9raliser la mise en \u0153uvre de la finance islamique en Alg\u00e9rie et de booster la num\u00e9risation qui permet une \u00e9pargne accrue, a-t-il observ\u00e9.<\/p>\n<p>Le d\u00e9put\u00e9 Lahbib Kadouri du parti FLN a de son c\u00f4t\u00e9 qualifi\u00e9 la situation que nous vivons actuellement d\u2019\u00e9tape d\u00e9cisive et cruciale de m\u00eame qu\u2019il a salu\u00e9 le contenu du plan d\u2019action qui a \u00e9t\u00e9 r\u00e9dig\u00e9 \u2013 fera-t-il remarqu\u00e9 \u2013 de mani\u00e8re m\u00e9thodique. Le d\u00e9put\u00e9 soutient que ce plan d\u2019action scind\u00e9 en six axes majeurs et \u00e0 m\u00eame de conduire le pays \u00e0 bon port, en mati\u00e8re de modernit\u00e9, notamment. Le d\u00e9put\u00e9 Mohamed Abdelhadi (ind\u00e9pendant) a insist\u00e9, quant \u00e0 lui, sur l\u2019imp\u00e9ratif de cr\u00e9er les meilleurs m\u00e9canismes possibles en vue de booster au plus haut niveau le secteur de l\u2019agriculture. Ce m\u00eame d\u00e9put\u00e9 soutient qu\u2019il est primordial d\u2019accorder un grand int\u00e9r\u00eat aux conditions de travail dans le domaine de la sant\u00e9.<\/p>\n<p>auparavant, les membres de l&rsquo;APN ont soulign\u00e9 l&rsquo;imp\u00e9ratif d&rsquo;adopter le dialogue et la concertation pour l&rsquo;ensemble des questions et projets li\u00e9s \u00e0 la vie quotidienne du citoyen. C\u2019est ainsi que la d\u00e9put\u00e9e Mekhraf Saliha avait appel\u00e9 mardi le Gouvernement \u00ab\u00a0\u00e0 renforcer le dialogue et la concertation\u00a0\u00bb pour l&rsquo;ensemble des affaires et projets li\u00e9s \u00e0 la vie quotidienne du citoyen. Le d\u00e9put\u00e9 Abdelkader Abdelali avait relev\u00e9 pour sa part l&rsquo;importance \u00ab\u00a0d&rsquo;\u0153uvrer au recouvrement de la confiance du citoyen par la voie du dialogue, en adoptant un discours r\u00e9aliste et franc\u00a0\u00bb.<\/p>\n<p>Adjissa Youcef a affirm\u00e9 que le Gouvernement doit accorder \u00ab\u00a0un int\u00e9r\u00eat particulier \u00e0 la prise en charge des pr\u00e9occupations de certains secteurs\u00a0\u00bb, en pr\u00f4nant le dialogue franc pour la r\u00e9solution des probl\u00e8mes rencontr\u00e9s\u00a0\u00bb.<\/p>\n<p>Lors de sa pr\u00e9sentation, mardi dernier, du plan d\u2019action du Gouvernement, le Premier ministre a pour rappele, pr\u00e9cis\u00e9 que l&rsquo;un des principaux d\u00e9fis pour le Gouvernement est de \u2018contribuer avec toutes les forces politiques et sociales ainsi qu&rsquo;avec les \u00e9lites nationales, tant \u00e0 l&rsquo;int\u00e9rieur qu&rsquo;\u00e0 l&rsquo;ext\u00e9rieur du pays, \u00e0 faire sortir notre pays d&rsquo;une situation politique et \u00e9conomique critique vers une nouvelle \u00e8re o\u00f9 sera restaur\u00e9e la confiance en les institutions de l&rsquo;Etat, \u00e0 travers de profondes r\u00e9formes politiques et socio-\u00e9conomiques qui permettront \u00e0 l&rsquo;Alg\u00e9rie de surmonter sa crise\u00a0\u00bb. le Premier ministre avait d\u00e9clar\u00e9 \u00e0 cette occasion que \u00ab\u00a0le gouvernement \u0153uvre \u00e0 contribuer efficacement \u00e0 l&rsquo;\u00e9dification d&rsquo;une nouvelle Alg\u00e9rie \u00e0 travers un pacte nouveau englobant l&rsquo;ensemble des aspects de la gouvernance politique, \u00e9conomique et sociale\u00a0\u00bb, qu\u2019il nommera \u00ab\u00a0A new deal for a new Algeria\u00a0\u00bb. La s\u00e9ance d\u2019aujourd\u2019hui, jeudi, sera consacr\u00e9e aux r\u00e9ponses du Premier ministre aux questions soulev\u00e9es par les d\u00e9put\u00e9s et au vote du Plan d&rsquo;action du gouvernement.<\/p>\n<p><strong>Soraya Guemmouri<\/strong><\/p>\n<p>Auteur: elmoudjahid<br \/>\n<a href=\"http:\/\/www.elmoudjahid.com\/fr\/actualites\/148313\">Cliquez ici pour lire l&rsquo;article depuis sa source.<\/a><\/p>\n","protected":false},"excerpt":{"rendered":"<p>Les d\u00e9put\u00e9s ont ax\u00e9 l\u2019essentiel de leurs d&rsquo;interventions sur le volet \u00e9conomique du plan et ont appel\u00e9 \u00e0 la n\u00e9cessit\u00e9 de veiller \u00e0 assurer la lev\u00e9e tous les obstacles et contraintes pouvant \u00e9ventuellement freiner l&rsquo;investissement et ce, dans le souci d\u2019am\u00e9liorer, voire optimiser le climat des affaires. Les membres de l\u2019APN ont \u00e9galement insist\u00e9 sur [&hellip;]<\/p>\n","protected":false},"author":1744,"featured_media":0,"comment_status":"closed","ping_status":"closed","sticky":false,"template":"","format":"standard","meta":{"fifu_image_url":"","fifu_image_alt":"","footnotes":""},"categories":[73,53],"tags":[],"class_list":["post-75912","post","type-post","status-publish","format-standard","hentry","category-actualite","category-algerie"],"_links":{"self":[{"href":"https:\/\/linitiative.ca\/International\/wp-json\/wp\/v2\/posts\/75912","targetHints":{"allow":["GET"]}}],"collection":[{"href":"https:\/\/linitiative.ca\/International\/wp-json\/wp\/v2\/posts"}],"about":[{"href":"https:\/\/linitiative.ca\/International\/wp-json\/wp\/v2\/types\/post"}],"author":[{"embeddable":true,"href":"https:\/\/linitiative.ca\/International\/wp-json\/wp\/v2\/users\/1744"}],"replies":[{"embeddable":true,"href":"https:\/\/linitiative.ca\/International\/wp-json\/wp\/v2\/comments?post=75912"}],"version-history":[{"count":0,"href":"https:\/\/linitiative.ca\/International\/wp-json\/wp\/v2\/posts\/75912\/revisions"}],"wp:attachment":[{"href":"https:\/\/linitiative.ca\/International\/wp-json\/wp\/v2\/media?parent=75912"}],"wp:term":[{"taxonomy":"category","embeddable":true,"href":"https:\/\/linitiative.ca\/International\/wp-json\/wp\/v2\/categories?post=75912"},{"taxonomy":"post_tag","embeddable":true,"href":"https:\/\/linitiative.ca\/International\/wp-json\/wp\/v2\/tags?post=75912"}],"curies":[{"name":"wp","href":"https:\/\/api.w.org\/{rel}","templated":true}]}}