{"id":75913,"date":"2020-02-12T12:42:00","date_gmt":"2020-02-12T17:42:00","guid":{"rendered":"https:\/\/linitiative.ca\/International\/m-ammar-belhimer-la-lutte-contre-les-fake-news-exige-une-conjugaison-des-efforts-de-tout-un-chacun\/"},"modified":"2020-02-12T12:42:00","modified_gmt":"2020-02-12T17:42:00","slug":"m-ammar-belhimer-la-lutte-contre-les-fake-news-exige-une-conjugaison-des-efforts-de-tout-un-chacun","status":"publish","type":"post","link":"https:\/\/linitiative.ca\/International\/m-ammar-belhimer-la-lutte-contre-les-fake-news-exige-une-conjugaison-des-efforts-de-tout-un-chacun\/","title":{"rendered":"M. Ammar Belhimer: \u00ab La lutte contre les fake news exige une conjugaison des efforts de tout un chacun \u00bb"},"content":{"rendered":"<p>Dans une d\u00e9claration \u00e0 la presse en marge du d\u00e9bat autour du Plan d&rsquo;action du gouvernement \u00e0 l&rsquo;Assembl\u00e9e populaire nationale (APN), le ministre a indiqu\u00e9 que les fake news \u00e9tait \u00abun ph\u00e9nom\u00e8ne technique avant tout\u00bb, citant \u00able recours de certains individus, dans le but de nuire \u00e0 la vie priv\u00e9e d&rsquo;autrui, au truquage de sons et d&rsquo;images post\u00e9s sur les diff\u00e9rents supports\u00bb.<\/p>\n<p>Soulignant que le ph\u00e9nom\u00e8ne des fake news s&rsquo;est amplifi\u00e9 \u00abavec l&rsquo;usage du web\u00bb, le porte-parole du gouvernement a assur\u00e9 que le traitement de ce ph\u00e9nom\u00e8ne exigeait \u00abune conjugaison des efforts de tout un chacun, notamment des techniciens et des juristes\u00bb, pour adapter les lois aux nouveaut\u00e9s techniques.<\/p>\n<p>La majorit\u00e9 des pays \u00e9labore des lois pour lutter contre les fake news, a-t-il dit, rappelant les nouvelles lois promulgu\u00e9es aux Etats-Unis.\u00a0<\/p>\n<p>M. Belhimer avait annonc\u00e9 mardi la tenue d&rsquo;une s\u00e9rie d&rsquo;ateliers sur la r\u00e9forme du secteur de la communication avec la participation de l&rsquo;ensemble des professionnels du secteur, des acad\u00e9miciens, des op\u00e9rateurs et des experts, relevant que le premier atelier, consacr\u00e9 \u00e0 l&rsquo;avant-projet de loi sur la presse \u00e9lectronique, se tiendra le 20 f\u00e9vrier en cours.<\/p>\n<p>Il a fait \u00e9tat, par ailleurs, de la r\u00e9vision de certains textes de loi r\u00e9gissant le secteur de la communication, notamment en mati\u00e8re de publicit\u00e9 et de l&rsquo;audiovisuel, ajoutant que le Conseil national de la presse \u00abremplacera l&rsquo;Autorit\u00e9 de r\u00e9gulation de la presse \u00e9crite\u00bb et aura pour missions d&rsquo;\u00ab\u00e9tablir la carte professionnelle, contr\u00f4ler la diffusion par rapport \u00e0 la publicit\u00e9 et instaurer, probablement, un tribunal arbitral de suivi et de l&rsquo;\u00e9thique\u00bb.<\/p>\n<p>APS\u00a0<\/p>\n<p>Auteur: elmoudjahid<br \/>\n<a href=\"http:\/\/www.elmoudjahid.com\/fr\/actualites\/148314\">Cliquez ici pour lire l&rsquo;article depuis sa source.<\/a><\/p>\n","protected":false},"excerpt":{"rendered":"<p>Dans une d\u00e9claration \u00e0 la presse en marge du d\u00e9bat autour du Plan d&rsquo;action du gouvernement \u00e0 l&rsquo;Assembl\u00e9e populaire nationale (APN), le ministre a indiqu\u00e9 que les fake news \u00e9tait \u00abun ph\u00e9nom\u00e8ne technique avant tout\u00bb, citant \u00able recours de certains individus, dans le but de nuire \u00e0 la vie priv\u00e9e d&rsquo;autrui, au truquage de sons [&hellip;]<\/p>\n","protected":false},"author":1744,"featured_media":0,"comment_status":"closed","ping_status":"closed","sticky":false,"template":"","format":"standard","meta":{"fifu_image_url":"","fifu_image_alt":"","footnotes":""},"categories":[73,53],"tags":[],"class_list":["post-75913","post","type-post","status-publish","format-standard","hentry","category-actualite","category-algerie"],"_links":{"self":[{"href":"https:\/\/linitiative.ca\/International\/wp-json\/wp\/v2\/posts\/75913","targetHints":{"allow":["GET"]}}],"collection":[{"href":"https:\/\/linitiative.ca\/International\/wp-json\/wp\/v2\/posts"}],"about":[{"href":"https:\/\/linitiative.ca\/International\/wp-json\/wp\/v2\/types\/post"}],"author":[{"embeddable":true,"href":"https:\/\/linitiative.ca\/International\/wp-json\/wp\/v2\/users\/1744"}],"replies":[{"embeddable":true,"href":"https:\/\/linitiative.ca\/International\/wp-json\/wp\/v2\/comments?post=75913"}],"version-history":[{"count":0,"href":"https:\/\/linitiative.ca\/International\/wp-json\/wp\/v2\/posts\/75913\/revisions"}],"wp:attachment":[{"href":"https:\/\/linitiative.ca\/International\/wp-json\/wp\/v2\/media?parent=75913"}],"wp:term":[{"taxonomy":"category","embeddable":true,"href":"https:\/\/linitiative.ca\/International\/wp-json\/wp\/v2\/categories?post=75913"},{"taxonomy":"post_tag","embeddable":true,"href":"https:\/\/linitiative.ca\/International\/wp-json\/wp\/v2\/tags?post=75913"}],"curies":[{"name":"wp","href":"https:\/\/api.w.org\/{rel}","templated":true}]}}