{"id":75914,"date":"2020-02-12T12:20:00","date_gmt":"2020-02-12T17:20:00","guid":{"rendered":"https:\/\/linitiative.ca\/International\/m-ferhat-ait-ali-appel-a-la-revision-des-lois-regissant-les-investissements\/"},"modified":"2020-02-12T12:20:00","modified_gmt":"2020-02-12T17:20:00","slug":"m-ferhat-ait-ali-appel-a-la-revision-des-lois-regissant-les-investissements","status":"publish","type":"post","link":"https:\/\/linitiative.ca\/International\/m-ferhat-ait-ali-appel-a-la-revision-des-lois-regissant-les-investissements\/","title":{"rendered":"M. Ferhat Ait Ali :Appel \u00e0 la r\u00e9vision des lois r\u00e9gissant les investissements"},"content":{"rendered":"<p>Dans une d\u00e9claration \u00e0 la presse en marge d&rsquo;une s\u00e9ance de d\u00e9bat autour du Plan d&rsquo;action du gouvernement, le ministre a pr\u00e9cis\u00e9 que la r\u00e9vision des lois r\u00e9gissant l&rsquo;investissement industriel \u00e9tait devenue \u00abune n\u00e9cessit\u00e9 indispensable\u00bb, indiquant que l&rsquo;investissement requ\u00e9rait lastabilit\u00e9 des textes juridiques et la transparence totale.<\/p>\n<p>Et de poursuivre que son secteur est dispos\u00e9 \u00e0 revoir les lois des investissements avant l&rsquo;\u00e9t\u00e9, ajoutant que l&rsquo;on ne peut pas compter sur une administration qui \u00e0 la fois octroie des autorisations d&rsquo;investissement et proc\u00e8de \u00e0 leur retrait, car \u00e9tant une logique qui n&rsquo;encourage pas l&rsquo;investissement.Les textes juridiques seront actualis\u00e9s afin de drainer des investisseurs dans un cadre juridique pr\u00e9cis, a-t-il affirm\u00e9.<\/p>\n<p>R\u00e9pondant \u00e0 une question sur le montage des voitures en Alg\u00e9rie, M. Ferhat Ait Ali a indiqu\u00e9 qu&rsquo;il \u00e9tait temps de supprimer les exon\u00e9rations douani\u00e8res et les avantages fiscaux accord\u00e9s aux monteurs et de mettre fin au monopole.<\/p>\n<p>Ces exon\u00e9rations co\u00fbtent au Tr\u00e9sor public des montants et r\u00e9duisent les r\u00e9serves de change sans concr\u00e9tiser une v\u00e9ritable industrie, a-t-il d\u00e9plor\u00e9.<\/p>\n<p>Le ministre a \u00e9galement rappel\u00e9 que dans les ann\u00e9es 1990, l&rsquo;Alg\u00e9rie avait des soci\u00e9t\u00e9s publiques en industrie de l&rsquo;\u00e9lectrom\u00e9nager, \u00e0 l&rsquo;instar d\u2019\u00ab ENIE\u00bb et d&rsquo; \u00abENIEM\u00bb avant l&rsquo;acc\u00e8s du secteur priv\u00e9 \u00e0 ce domaine.<\/p>\n<p>A ce propos, le ministre a indiqu\u00e9 que le secteur priv\u00e9 n&rsquo;a pas r\u00e9pondu aux besoins du march\u00e9 national, et en d\u00e9pit des avantages fiscaux accord\u00e9s pour l&rsquo;encourager l&rsquo;industrie locale.<\/p>\n<p>APS\u00a0<\/p>\n<p>Auteur: elmoudjahid<br \/>\n<a href=\"http:\/\/www.elmoudjahid.com\/fr\/actualites\/148315\">Cliquez ici pour lire l&rsquo;article depuis sa source.<\/a><\/p>\n","protected":false},"excerpt":{"rendered":"<p>Dans une d\u00e9claration \u00e0 la presse en marge d&rsquo;une s\u00e9ance de d\u00e9bat autour du Plan d&rsquo;action du gouvernement, le ministre a pr\u00e9cis\u00e9 que la r\u00e9vision des lois r\u00e9gissant l&rsquo;investissement industriel \u00e9tait devenue \u00abune n\u00e9cessit\u00e9 indispensable\u00bb, indiquant que l&rsquo;investissement requ\u00e9rait lastabilit\u00e9 des textes juridiques et la transparence totale. Et de poursuivre que son secteur est dispos\u00e9 [&hellip;]<\/p>\n","protected":false},"author":1744,"featured_media":0,"comment_status":"closed","ping_status":"closed","sticky":false,"template":"","format":"standard","meta":{"fifu_image_url":"","fifu_image_alt":"","footnotes":""},"categories":[73,53],"tags":[],"class_list":["post-75914","post","type-post","status-publish","format-standard","hentry","category-actualite","category-algerie"],"_links":{"self":[{"href":"https:\/\/linitiative.ca\/International\/wp-json\/wp\/v2\/posts\/75914","targetHints":{"allow":["GET"]}}],"collection":[{"href":"https:\/\/linitiative.ca\/International\/wp-json\/wp\/v2\/posts"}],"about":[{"href":"https:\/\/linitiative.ca\/International\/wp-json\/wp\/v2\/types\/post"}],"author":[{"embeddable":true,"href":"https:\/\/linitiative.ca\/International\/wp-json\/wp\/v2\/users\/1744"}],"replies":[{"embeddable":true,"href":"https:\/\/linitiative.ca\/International\/wp-json\/wp\/v2\/comments?post=75914"}],"version-history":[{"count":0,"href":"https:\/\/linitiative.ca\/International\/wp-json\/wp\/v2\/posts\/75914\/revisions"}],"wp:attachment":[{"href":"https:\/\/linitiative.ca\/International\/wp-json\/wp\/v2\/media?parent=75914"}],"wp:term":[{"taxonomy":"category","embeddable":true,"href":"https:\/\/linitiative.ca\/International\/wp-json\/wp\/v2\/categories?post=75914"},{"taxonomy":"post_tag","embeddable":true,"href":"https:\/\/linitiative.ca\/International\/wp-json\/wp\/v2\/tags?post=75914"}],"curies":[{"name":"wp","href":"https:\/\/api.w.org\/{rel}","templated":true}]}}