{"id":75923,"date":"2020-02-12T11:01:00","date_gmt":"2020-02-12T16:01:00","guid":{"rendered":"https:\/\/linitiative.ca\/International\/communication-le-ministre-annonce-un-conseil-dethique-et-de-deontologie\/"},"modified":"2020-02-12T11:01:00","modified_gmt":"2020-02-12T16:01:00","slug":"communication-le-ministre-annonce-un-conseil-dethique-et-de-deontologie","status":"publish","type":"post","link":"https:\/\/linitiative.ca\/International\/communication-le-ministre-annonce-un-conseil-dethique-et-de-deontologie\/","title":{"rendered":"COMMUNICATION : Le ministre annonce un Conseil d\u2019\u00e9thique et de d\u00e9ontologie"},"content":{"rendered":"<p><br id=\"sep_para_1\" class=\"sep_para access\"\/><\/p>\n<div id=\"para_1\" class=\"para_35508148 resize\">\n<div class=\"texte access firstletter\">Le ministre de la communication, pr\u00e9sent mercredi au parlement pour assister aux d\u00e9bats sur le programme du gouvernement, a d\u00e9clar\u00e9 \u00e0 la presse qu\u2019un Conseil national d\u2019\u00e9thique et de d\u00e9ontologie verra le jour d\u2019ici la fin de l\u2019ann\u00e9e. D\u2019autres organes seront cr\u00e9\u00e9s, selon Amar Belhimeur, en l\u2019occurrence une Autorit\u00e9 en charge de la carte de journaliste professionnelle, un Office de justification de diffusion (O.J.D), ainsi qu\u2019une autorit\u00e9 de la publicit\u00e9.\u00a0 Par ailleurs, Belhimeur a promis une lutte contre les fakenews sur les r\u00e9seaux sociaux, en collaborations avec les instances \u00e9tatiques concern\u00e9es, notamment la justice et les services de s\u00e9curit\u00e9, admettant toutefois que le d\u00e9fi est complexe, y compris aux USA.\u00a0\u00a0\u00a0\u00a0\u00a0\u00a0\u00a0\u00a0\u00a0\u00a0\u00a0\u00a0\u00a0\u00a0\u00a0\u00a0\u00a0\u00a0\u00a0<\/div>\n<\/div>\n<p>Auteur: Nadine<br \/>\n<a href=\"https:\/\/www.reflexiondz.net\/COMMUNICATION-Le-ministre-annonce-un-Conseil-d-ethique-et-de-deontologie_a60609.html\">Cliquez ici pour lire l&rsquo;article depuis sa source.<\/a><\/p>\n","protected":false},"excerpt":{"rendered":"<p>Le ministre de la communication, pr\u00e9sent mercredi au parlement pour assister aux d\u00e9bats sur le programme du gouvernement, a d\u00e9clar\u00e9 \u00e0 la presse qu\u2019un Conseil national d\u2019\u00e9thique et de d\u00e9ontologie verra le jour d\u2019ici la fin de l\u2019ann\u00e9e. D\u2019autres organes seront cr\u00e9\u00e9s, selon Amar Belhimeur, en l\u2019occurrence une Autorit\u00e9 en charge de la carte de [&hellip;]<\/p>\n","protected":false},"author":1740,"featured_media":0,"comment_status":"closed","ping_status":"closed","sticky":false,"template":"","format":"standard","meta":{"fifu_image_url":"","fifu_image_alt":"","footnotes":""},"categories":[53,76],"tags":[],"class_list":["post-75923","post","type-post","status-publish","format-standard","hentry","category-algerie","category-regions"],"_links":{"self":[{"href":"https:\/\/linitiative.ca\/International\/wp-json\/wp\/v2\/posts\/75923","targetHints":{"allow":["GET"]}}],"collection":[{"href":"https:\/\/linitiative.ca\/International\/wp-json\/wp\/v2\/posts"}],"about":[{"href":"https:\/\/linitiative.ca\/International\/wp-json\/wp\/v2\/types\/post"}],"author":[{"embeddable":true,"href":"https:\/\/linitiative.ca\/International\/wp-json\/wp\/v2\/users\/1740"}],"replies":[{"embeddable":true,"href":"https:\/\/linitiative.ca\/International\/wp-json\/wp\/v2\/comments?post=75923"}],"version-history":[{"count":0,"href":"https:\/\/linitiative.ca\/International\/wp-json\/wp\/v2\/posts\/75923\/revisions"}],"wp:attachment":[{"href":"https:\/\/linitiative.ca\/International\/wp-json\/wp\/v2\/media?parent=75923"}],"wp:term":[{"taxonomy":"category","embeddable":true,"href":"https:\/\/linitiative.ca\/International\/wp-json\/wp\/v2\/categories?post=75923"},{"taxonomy":"post_tag","embeddable":true,"href":"https:\/\/linitiative.ca\/International\/wp-json\/wp\/v2\/tags?post=75923"}],"curies":[{"name":"wp","href":"https:\/\/api.w.org\/{rel}","templated":true}]}}