{"id":75924,"date":"2020-02-12T11:02:00","date_gmt":"2020-02-12T16:02:00","guid":{"rendered":"https:\/\/linitiative.ca\/International\/le-proces-de-ouyahia-et-sellal-renvoye-au-26-fevrier\/"},"modified":"2020-02-12T11:02:00","modified_gmt":"2020-02-12T16:02:00","slug":"le-proces-de-ouyahia-et-sellal-renvoye-au-26-fevrier","status":"publish","type":"post","link":"https:\/\/linitiative.ca\/International\/le-proces-de-ouyahia-et-sellal-renvoye-au-26-fevrier\/","title":{"rendered":"Le proc\u00e8s de Ouyahia et Sellal renvoy\u00e9 au 26 f\u00e9vrier"},"content":{"rendered":"<p><br id=\"sep_para_1\" class=\"sep_para access\"\/><\/p>\n<div id=\"para_1\" class=\"para_35508160 resize\">\n<div class=\"texte access firstletter\">Le proc\u00e8s en appel dans l\u2019affaire dite du \u00ab Montage de v\u00e9hicules \u00bb\u00a0 est renvoy\u00e9\u00a0 au 26 f\u00e9vrier par le juge qui acc\u00e8de ainsi \u00e0 la demande de la d\u00e9fense des accus\u00e9s. Mercredi, en fin de matin\u00e9e, les accus\u00e9s sont arriv\u00e9s \u00e0 bord de fourgons cellulaires. A douze heures,\u00a0\u00a0 les accus\u00e9s font leur entr\u00e9e dans la salle d\u2019audience: Ahmed Ouyahia, Abdelmalek Sellal, Youcef Yousfi, Mahdjoub Bedda, Abdelghani Za\u00e2lane, Noria Zerhouni. Les hommes d\u2019affaire Ali Haddad, Mazouz, Bairi, Larbaoui et Far\u00e8s Sellal. Pour rappel,\u00a0 Laifa Ouyahia , l\u2019avocat\u00a0 et le fr\u00e8re de l\u2019ancien Premier ministre, Ahmed Ouyahia, a d\u00e9clar\u00e9 qu\u2019il demanderait aujourd\u2019hui le report de la session consacr\u00e9e \u00e0 l\u2019appel de la condamnation de son fr\u00e8re au tribunal de Sidi Mohamed . Laifa Ouyahia a expliqu\u00e9 que la demande de report serait justifi\u00e9e afin de collecter davantage de nouvelles donn\u00e9es concernant le dossier. Pour sa part, l\u2019avocat Brahim Nouni a d\u00e9clar\u00e9 aux journalistes, que la session d\u2019appel r\u00e9v\u00e9lera pleins de nouvelles surprises et secrets.<\/div>\n<\/div>\n<p>Auteur: R\u00e9flexion<br \/>\n<a href=\"https:\/\/www.reflexiondz.net\/Le-proces-de-Ouyahia-et-Sellal-renvoye-au-26-fevrier_a60612.html\">Cliquez ici pour lire l&rsquo;article depuis sa source.<\/a><\/p>\n","protected":false},"excerpt":{"rendered":"<p>Le proc\u00e8s en appel dans l\u2019affaire dite du \u00ab Montage de v\u00e9hicules \u00bb\u00a0 est renvoy\u00e9\u00a0 au 26 f\u00e9vrier par le juge qui acc\u00e8de ainsi \u00e0 la demande de la d\u00e9fense des accus\u00e9s. Mercredi, en fin de matin\u00e9e, les accus\u00e9s sont arriv\u00e9s \u00e0 bord de fourgons cellulaires. A douze heures,\u00a0\u00a0 les accus\u00e9s font leur entr\u00e9e dans [&hellip;]<\/p>\n","protected":false},"author":1740,"featured_media":0,"comment_status":"closed","ping_status":"closed","sticky":false,"template":"","format":"standard","meta":{"fifu_image_url":"","fifu_image_alt":"","footnotes":""},"categories":[53,76],"tags":[],"class_list":["post-75924","post","type-post","status-publish","format-standard","hentry","category-algerie","category-regions"],"_links":{"self":[{"href":"https:\/\/linitiative.ca\/International\/wp-json\/wp\/v2\/posts\/75924","targetHints":{"allow":["GET"]}}],"collection":[{"href":"https:\/\/linitiative.ca\/International\/wp-json\/wp\/v2\/posts"}],"about":[{"href":"https:\/\/linitiative.ca\/International\/wp-json\/wp\/v2\/types\/post"}],"author":[{"embeddable":true,"href":"https:\/\/linitiative.ca\/International\/wp-json\/wp\/v2\/users\/1740"}],"replies":[{"embeddable":true,"href":"https:\/\/linitiative.ca\/International\/wp-json\/wp\/v2\/comments?post=75924"}],"version-history":[{"count":0,"href":"https:\/\/linitiative.ca\/International\/wp-json\/wp\/v2\/posts\/75924\/revisions"}],"wp:attachment":[{"href":"https:\/\/linitiative.ca\/International\/wp-json\/wp\/v2\/media?parent=75924"}],"wp:term":[{"taxonomy":"category","embeddable":true,"href":"https:\/\/linitiative.ca\/International\/wp-json\/wp\/v2\/categories?post=75924"},{"taxonomy":"post_tag","embeddable":true,"href":"https:\/\/linitiative.ca\/International\/wp-json\/wp\/v2\/tags?post=75924"}],"curies":[{"name":"wp","href":"https:\/\/api.w.org\/{rel}","templated":true}]}}