{"id":75925,"date":"2020-02-12T11:02:00","date_gmt":"2020-02-12T16:02:00","guid":{"rendered":"https:\/\/linitiative.ca\/International\/abdallah-djaballah-recu-par-le-president-tebboune\/"},"modified":"2020-02-12T11:02:00","modified_gmt":"2020-02-12T16:02:00","slug":"abdallah-djaballah-recu-par-le-president-tebboune","status":"publish","type":"post","link":"https:\/\/linitiative.ca\/International\/abdallah-djaballah-recu-par-le-president-tebboune\/","title":{"rendered":"Abdallah Djaballah re\u00e7u par le pr\u00e9sident Tebboune"},"content":{"rendered":"<p><br id=\"sep_para_1\" class=\"sep_para access\"\/><\/p>\n<div id=\"para_1\" class=\"para_35508161 resize\">\n<div class=\"texte access firstletter\">Le Pr\u00e9sident de la R\u00e9publique, M. Abdelmadjid Tebboune, a re\u00e7u mardi une d\u00e9l\u00e9gation du parti du Front de la justice et du d\u00e9veloppement (FJD), conduite par son pr\u00e9sident M. Abdallah Djaballah, dans le cadre des consultations qu&rsquo;il a initi\u00e9es sur la situation g\u00e9n\u00e9rale dans le pays et le projet d&rsquo;amendement de la Constitution, indique un communiqu\u00e9 de la Pr\u00e9sidence de la R\u00e9publique.\u00a0 Cette audience a donn\u00e9 lieu \u00e0 un \u00e9change de vues sur la situation g\u00e9n\u00e9rale du pays et le processus de r\u00e9vision de la Constitution en cons\u00e9cration de la protection du pays contre l&rsquo;autocratie et de l&rsquo;\u00e9dification d&rsquo;institutions d\u00e9mocratiques r\u00e9gies par l&rsquo;\u00e9thique et capables de s&rsquo;acquitter de leurs missions en faveur de la restauration de l&rsquo;autorit\u00e9 de l&rsquo;Etat dans le cadre de la solidarit\u00e9, de la coh\u00e9sion nationale et du respect des constantes et valeurs de la nation, a conclu le communiqu\u00e9<\/div>\n<\/div>\n<p>Auteur: R\u00e9flexion<br \/>\n<a href=\"https:\/\/www.reflexiondz.net\/Abdallah-Djaballah-recu-par-le-president-Tebboune_a60613.html\">Cliquez ici pour lire l&rsquo;article depuis sa source.<\/a><\/p>\n","protected":false},"excerpt":{"rendered":"<p>Le Pr\u00e9sident de la R\u00e9publique, M. Abdelmadjid Tebboune, a re\u00e7u mardi une d\u00e9l\u00e9gation du parti du Front de la justice et du d\u00e9veloppement (FJD), conduite par son pr\u00e9sident M. Abdallah Djaballah, dans le cadre des consultations qu&rsquo;il a initi\u00e9es sur la situation g\u00e9n\u00e9rale dans le pays et le projet d&rsquo;amendement de la Constitution, indique un [&hellip;]<\/p>\n","protected":false},"author":1740,"featured_media":0,"comment_status":"closed","ping_status":"closed","sticky":false,"template":"","format":"standard","meta":{"fifu_image_url":"","fifu_image_alt":"","footnotes":""},"categories":[53,76],"tags":[],"class_list":["post-75925","post","type-post","status-publish","format-standard","hentry","category-algerie","category-regions"],"_links":{"self":[{"href":"https:\/\/linitiative.ca\/International\/wp-json\/wp\/v2\/posts\/75925","targetHints":{"allow":["GET"]}}],"collection":[{"href":"https:\/\/linitiative.ca\/International\/wp-json\/wp\/v2\/posts"}],"about":[{"href":"https:\/\/linitiative.ca\/International\/wp-json\/wp\/v2\/types\/post"}],"author":[{"embeddable":true,"href":"https:\/\/linitiative.ca\/International\/wp-json\/wp\/v2\/users\/1740"}],"replies":[{"embeddable":true,"href":"https:\/\/linitiative.ca\/International\/wp-json\/wp\/v2\/comments?post=75925"}],"version-history":[{"count":0,"href":"https:\/\/linitiative.ca\/International\/wp-json\/wp\/v2\/posts\/75925\/revisions"}],"wp:attachment":[{"href":"https:\/\/linitiative.ca\/International\/wp-json\/wp\/v2\/media?parent=75925"}],"wp:term":[{"taxonomy":"category","embeddable":true,"href":"https:\/\/linitiative.ca\/International\/wp-json\/wp\/v2\/categories?post=75925"},{"taxonomy":"post_tag","embeddable":true,"href":"https:\/\/linitiative.ca\/International\/wp-json\/wp\/v2\/tags?post=75925"}],"curies":[{"name":"wp","href":"https:\/\/api.w.org\/{rel}","templated":true}]}}