{"id":75926,"date":"2020-02-12T14:41:00","date_gmt":"2020-02-12T19:41:00","guid":{"rendered":"https:\/\/linitiative.ca\/International\/pour-constitution-davoirs-a-letranger-anis-rahmani-arrete-a-alger\/"},"modified":"2020-02-12T14:41:00","modified_gmt":"2020-02-12T19:41:00","slug":"pour-constitution-davoirs-a-letranger-anis-rahmani-arrete-a-alger","status":"publish","type":"post","link":"https:\/\/linitiative.ca\/International\/pour-constitution-davoirs-a-letranger-anis-rahmani-arrete-a-alger\/","title":{"rendered":"POUR CONSTITUTION D&rsquo;AVOIRS A L&rsquo;ETRANGER : Anis Rahmani arr\u00eat\u00e9 \u00e0 Alger"},"content":{"rendered":"<p><br id=\"sep_para_1\" class=\"sep_para access\"\/><\/p>\n<div id=\"para_1\" class=\"para_35511104 resize\">\n<div class=\"photo shadow left\"><a href=\"javascript:void(0)\" rel=\"https:\/\/www.reflexiondz.net\/photo\/art\/grande\/42721130-35511104.jpg?v=1581537870&#038;ibox\" title=\"POUR CONSTITUTION D'AVOIRS A L'ETRANGER : Anis Rahmani arr\u00eat\u00e9 \u00e0 Alger\"><img decoding=\"async\" class=\"responsive c9\" src=\"https:\/\/www.reflexiondz.net\/photo\/art\/grande\/42721130-35511104.jpg?v=1581537870\" alt=\"POUR CONSTITUTION D'AVOIRS A L'ETRANGER : Anis Rahmani arr\u00eat\u00e9 \u00e0 Alger\" title=\"POUR CONSTITUTION D'AVOIRS A L'ETRANGER : Anis Rahmani arr\u00eat\u00e9 \u00e0 Alger\"\/><img decoding=\"async\" class=\"not-responsive\" src=\"https:\/\/www.reflexiondz.net\/photo\/art\/default\/42721130-35511104.jpg?v=1581537871\" alt=\"POUR CONSTITUTION D'AVOIRS A L'ETRANGER : Anis Rahmani arr\u00eat\u00e9 \u00e0 Alger\" title=\"POUR CONSTITUTION D'AVOIRS A L'ETRANGER : Anis Rahmani arr\u00eat\u00e9 \u00e0 Alger\"\/><\/a><\/div>\n<div class=\"texte access firstletter\">Le patron du groupe Ennahar, Mohamed Mokadem connu sous le nom de Anis Rahmani a \u00e9t\u00e9 arr\u00eat\u00e9, ce mercredi, par la brigade de recherche de la gendarmerie nationale de Bab Djedid \u00e0 Alger selon les chaines TV Echourouk News et El HAYAT TV. Selon les m\u00eames sources, il est accus\u00e9 de trafic d\u2019influence, constitution d\u2019avoirs \u00e0 l\u2019\u00e9tranger et infraction \u00e0 la l\u00e9gislation des changes.<br \/>\u00a0<\/div>\n<\/div>\n<p>Auteur: R\u00e9flexion<br \/>\n<a href=\"https:\/\/www.reflexiondz.net\/POUR-CONSTITUTION-D-AVOIRS-A-L-ETRANGER-Anis-Rahmani-arrete-a-Alger_a60615.html\">Cliquez ici pour lire l&rsquo;article depuis sa source.<\/a><\/p>\n","protected":false},"excerpt":{"rendered":"<p>Le patron du groupe Ennahar, Mohamed Mokadem connu sous le nom de Anis Rahmani a \u00e9t\u00e9 arr\u00eat\u00e9, ce mercredi, par la brigade de recherche de la gendarmerie nationale de Bab Djedid \u00e0 Alger selon les chaines TV Echourouk News et El HAYAT TV. Selon les m\u00eames sources, il est accus\u00e9 de trafic d\u2019influence, constitution d\u2019avoirs [&hellip;]<\/p>\n","protected":false},"author":1740,"featured_media":0,"comment_status":"closed","ping_status":"closed","sticky":false,"template":"","format":"standard","meta":{"fifu_image_url":"","fifu_image_alt":"","footnotes":""},"categories":[53,76],"tags":[],"class_list":["post-75926","post","type-post","status-publish","format-standard","hentry","category-algerie","category-regions"],"_links":{"self":[{"href":"https:\/\/linitiative.ca\/International\/wp-json\/wp\/v2\/posts\/75926","targetHints":{"allow":["GET"]}}],"collection":[{"href":"https:\/\/linitiative.ca\/International\/wp-json\/wp\/v2\/posts"}],"about":[{"href":"https:\/\/linitiative.ca\/International\/wp-json\/wp\/v2\/types\/post"}],"author":[{"embeddable":true,"href":"https:\/\/linitiative.ca\/International\/wp-json\/wp\/v2\/users\/1740"}],"replies":[{"embeddable":true,"href":"https:\/\/linitiative.ca\/International\/wp-json\/wp\/v2\/comments?post=75926"}],"version-history":[{"count":0,"href":"https:\/\/linitiative.ca\/International\/wp-json\/wp\/v2\/posts\/75926\/revisions"}],"wp:attachment":[{"href":"https:\/\/linitiative.ca\/International\/wp-json\/wp\/v2\/media?parent=75926"}],"wp:term":[{"taxonomy":"category","embeddable":true,"href":"https:\/\/linitiative.ca\/International\/wp-json\/wp\/v2\/categories?post=75926"},{"taxonomy":"post_tag","embeddable":true,"href":"https:\/\/linitiative.ca\/International\/wp-json\/wp\/v2\/tags?post=75926"}],"curies":[{"name":"wp","href":"https:\/\/api.w.org\/{rel}","templated":true}]}}