{"id":75928,"date":"2020-02-11T18:16:18","date_gmt":"2020-02-11T23:16:18","guid":{"rendered":"https:\/\/linitiative.ca\/International\/presse-electronique-un-atelier-consacre-a-lavant-projet-de-loi-le-20-fevrier\/"},"modified":"2020-02-11T18:16:18","modified_gmt":"2020-02-11T23:16:18","slug":"presse-electronique-un-atelier-consacre-a-lavant-projet-de-loi-le-20-fevrier","status":"publish","type":"post","link":"https:\/\/linitiative.ca\/International\/presse-electronique-un-atelier-consacre-a-lavant-projet-de-loi-le-20-fevrier\/","title":{"rendered":"Presse \u00e9lectronique Un atelier consacr\u00e9 \u00e0 l&rsquo;avant-projet de loi le 20 f\u00e9vrier"},"content":{"rendered":"<p><span class=\"c2\">H. B.<\/span><\/p>\n<div readability=\"54\">\n<p>Un atelier consacr\u00e9 \u00e0 l\u2019avant-projet de loi sur la presse \u00e9lectronique se tiendra le 20 f\u00e9vrier \u00e0 Alger, avec la participation de l\u2019ensemble des professionnels du secteur. C\u2019est ce qu\u2019 a annonc\u00e9 ce mardi le ministre de la Communication, Porte-parole du gouvernement, Ammar Belhimer.<br \/>Dans une d\u00e9claration \u00e0 la presse en marge d\u2019une s\u00e9ance \u00e0 l\u2019Assembl\u00e9e populaire nationale (APN) consacr\u00e9e \u00e0 la pr\u00e9sentation du plan d\u2019action du gouvernement, M.\u00a0Belhimer a pr\u00e9cis\u00e9 que cet atelier, le premier d\u2019une s\u00e9rie d\u2019ateliers pr\u00e9vus sur la r\u00e9forme du secteur de la communication, aura lieu \u00e0 l\u2019Ecole sup\u00e9rieure de journalisme et \u00ab\u00a0r\u00e9unira l\u2019ensemble des professionnels du secteur, des acad\u00e9miciens, des op\u00e9rateurs et des experts pour leur soumettre un expos\u00e9 d\u00e9monstratif et un avant-projet de texte avant son adoption par l\u2019Ex\u00e9cutif\u00a0\u00bb.<br \/>Il a fait \u00e9tat, par ailleurs, de la r\u00e9vision de certains textes de loi r\u00e9gissant le secteur de la communication, notamment en mati\u00e8re de publicit\u00e9 et de l\u2019audiovisuel, ajoutant que le Conseil national de la presse \u00ab\u00a0remplacera l\u2019Autorit\u00e9 de r\u00e9gulation de la presse \u00e9crite\u00a0\u00bb et aura pour missions d\u2019\u00a0\u00bb\u00e9tablir la carte professionnelle, contr\u00f4ler la diffusion par rapport \u00e0 la publicit\u00e9 et instaurer, probablement, un tribunal arbitral de suivi et de l\u2019\u00e9thique\u00a0\u00bb.<br \/>Il a, en outre, soulign\u00e9 l\u2019importance d\u2019instaurer un \u00ab\u00a0dialogue permanent\u00a0\u00bb entre les professionnels du secteur, les experts, les acad\u00e9miciens et toutes les parties prenantes \u00e0 l\u2019acte de communication dans une d\u00e9marche \u00ab\u00a0inclusive et r\u00e9siliente\u00a0\u00bb.\u00a0<\/p>\n<\/div>\n<p>Auteur: Boudjedri<br \/>\n<a href=\"http:\/\/www.jeune-independant.net\/Presse-electronique-Un-atelier.html\">Cliquez ici pour lire l&rsquo;article depuis sa source.<\/a><\/p>\n","protected":false},"excerpt":{"rendered":"<p>H. B. Un atelier consacr\u00e9 \u00e0 l\u2019avant-projet de loi sur la presse \u00e9lectronique se tiendra le 20 f\u00e9vrier \u00e0 Alger, avec la participation de l\u2019ensemble des professionnels du secteur. C\u2019est ce qu\u2019 a annonc\u00e9 ce mardi le ministre de la Communication, Porte-parole du gouvernement, Ammar Belhimer.Dans une d\u00e9claration \u00e0 la presse en marge d\u2019une s\u00e9ance [&hellip;]<\/p>\n","protected":false},"author":1737,"featured_media":0,"comment_status":"closed","ping_status":"closed","sticky":false,"template":"","format":"standard","meta":{"fifu_image_url":"","fifu_image_alt":"","footnotes":""},"categories":[73,53],"tags":[],"class_list":["post-75928","post","type-post","status-publish","format-standard","hentry","category-actualite","category-algerie"],"_links":{"self":[{"href":"https:\/\/linitiative.ca\/International\/wp-json\/wp\/v2\/posts\/75928","targetHints":{"allow":["GET"]}}],"collection":[{"href":"https:\/\/linitiative.ca\/International\/wp-json\/wp\/v2\/posts"}],"about":[{"href":"https:\/\/linitiative.ca\/International\/wp-json\/wp\/v2\/types\/post"}],"author":[{"embeddable":true,"href":"https:\/\/linitiative.ca\/International\/wp-json\/wp\/v2\/users\/1737"}],"replies":[{"embeddable":true,"href":"https:\/\/linitiative.ca\/International\/wp-json\/wp\/v2\/comments?post=75928"}],"version-history":[{"count":0,"href":"https:\/\/linitiative.ca\/International\/wp-json\/wp\/v2\/posts\/75928\/revisions"}],"wp:attachment":[{"href":"https:\/\/linitiative.ca\/International\/wp-json\/wp\/v2\/media?parent=75928"}],"wp:term":[{"taxonomy":"category","embeddable":true,"href":"https:\/\/linitiative.ca\/International\/wp-json\/wp\/v2\/categories?post=75928"},{"taxonomy":"post_tag","embeddable":true,"href":"https:\/\/linitiative.ca\/International\/wp-json\/wp\/v2\/tags?post=75928"}],"curies":[{"name":"wp","href":"https:\/\/api.w.org\/{rel}","templated":true}]}}