{"id":75929,"date":"2020-02-11T18:22:26","date_gmt":"2020-02-11T23:22:26","guid":{"rendered":"https:\/\/linitiative.ca\/International\/le-proces-en-appel-douyahia-et-sellal-souvrira-mercredi\/"},"modified":"2020-02-11T18:22:26","modified_gmt":"2020-02-11T23:22:26","slug":"le-proces-en-appel-douyahia-et-sellal-souvrira-mercredi","status":"publish","type":"post","link":"https:\/\/linitiative.ca\/International\/le-proces-en-appel-douyahia-et-sellal-souvrira-mercredi\/","title":{"rendered":"Le proc\u00e8s en appel d&rsquo;Ouyahia et Sellal s&rsquo;ouvrira mercredi"},"content":{"rendered":"<p>Le proc\u00e8s en appel des ex-dirigeants politiques et hommes d\u2019affaires, \u00e0 leur t\u00eate Ahmed Ouyahia et Abdelmalek Sellal, qui ont \u00e9t\u00e9 respectivement condamn\u00e9s \u00e0 15 et 12 ans de prison ferme, s\u2019ouvrira ce mercredi \u00e0 la cour d\u2019Alger.<br \/>Le dossier des mis en cause a \u00e9t\u00e9 confi\u00e9 au juge de la premi\u00e8re chambre p\u00e9nale pr\u00e8s la cour d\u2019appel d\u2019Alger, en l\u2019occurrence Abdelaziz Ayad, qui a \u00e9t\u00e9 d\u00e9sign\u00e9 en qualit\u00e9 de pr\u00e9sident \u00e0 la place de Abdenour Amrani, promu en tant que pr\u00e9sident de la cour d\u2019appel au tribunal militaire de Blida.<br \/>Pour rappel, le pr\u00e9sident du p\u00f4le judiciaire sp\u00e9cialis\u00e9 du tribunal Sidi M\u2019hamed a prononc\u00e9, le 9 d\u00e9cembre 2019, son verdict dans l\u2019affaire des ex-Premiers ministres Ahmed Ouyahia et Abdelmalek Sellal ainsi que des anciens ministres et des hommes d\u2019affaires impliqu\u00e9s dans le proc\u00e8s du montage automobile.<br \/>Le pr\u00e9sident alors en charge du dossier avait, rappelons-le, prononc\u00e9 pas moins de 18 condamnations fermes dont 3 par d\u00e9faut ainsi que 5 relaxes. Il a aussi confirm\u00e9 presque toutes les accusations retenues par le conseiller rapporteur de la Cour supr\u00eame.<br \/>Le fait le plus marquant ce jour-l\u00e0 a \u00e9t\u00e9 l\u2019absence de l\u2019accus\u00e9e Nouria Yamina Zerhouni alors qu\u2019elle avait assist\u00e9 \u00e0 toutes les s\u00e9ances depuis le d\u00e9but du proc\u00e8s.<br \/>Le juge avait condamn\u00e9 les deux anciens Premiers ministres, Ahmed Ouyahia et Abdelmalek Sellal, poursuivis dans des affaires de corruption, d\u2019abus de pouvoir et de blanchiment d\u2019argent \u00e0, respectivement, \u00e0 15 et 12 ans de prison ferme.<br \/>Le m\u00eame pr\u00e9sident avait inflig\u00e9 une amende de 200 millions de centimes \u00e0 Ahmed Ouyahia et de 100 millions de centimes \u00e0 Abdelmalek Sellal pour les m\u00eames charges.<br \/>Il avait ordonn\u00e9 la confiscation des biens mobiliers et immobiliers d\u2019Ahmed Ouyahia et l\u2019avait priv\u00e9 de ses droits civils, civiques et politiques.\u00a0<br \/>Les ex-ministres de l\u2019Industrie Mahdjoub Bedda et Youcef Yousfi avaient \u00e9t\u00e9 reconnus coupables des chefs d\u2019inculpation retenus contre eux, \u00e0 savoir corruption, trafic d\u2019influence et dilapidation de deniers publics. Ils avaient \u00e9cop\u00e9 de 10 ans de prison ferme.<br \/>Le pr\u00e9sident avait, par ailleurs, condamn\u00e9 l\u2019ex-ministre de l\u2019Industrie Abdeslam Bouchouareb \u00e0 20 ans de prison par d\u00e9faut, assortis d\u2019un mandat d\u2019arr\u00eat international.<br \/>Le magistrat, avait par contre, d\u00e9cid\u00e9 de relaxer l\u2019ex-ministre des transports Abdelghani Za\u00e2lane et de la reconna\u00eetre innocent des faits qui lui avaient \u00e9t\u00e9 reproch\u00e9s par rapport \u00e0 son implication directe dans le financement occulte de la campagne \u00e9lectorale de l\u2019ex-Pr\u00e9sident de la r\u00e9publique d\u00e9chu, Abdelaziz Bouteflika. Abdelghani Za\u00e2lane n\u2019a cependant pas quitt\u00e9 la prison d\u2019El-Harrach \u00e9tant donn\u00e9 que son nom est cit\u00e9 dans d\u2019autres affaires li\u00e9es \u00e0 la malversation. L\u2019ex-wali de Boumerd\u00e8s Nouria Yamina Zerhouni, avait \u00e9t\u00e9 condamn\u00e9 \u00e0 5 ans de prison ferme pour octroi d\u2019indus avantages.<\/p>\n<p>Le pr\u00e9sident avait condamn\u00e9 le fils de l\u2019ex- Premier ministre, Abdelmalek Sellal, Far\u00e8s \u00e0 3 ans de prison ferme pour avoir us\u00e9 de l\u2019influence de son p\u00e8re pour b\u00e9n\u00e9ficier d\u2019avantages, entre autres des march\u00e9s publics et des cr\u00e9dits bancaires estim\u00e9s \u00e0 plus de 9 milliards de centimes.\u00a0<br \/>Pour ce qui est des hommes d\u2019affaires, le pr\u00e9sident avait condamn\u00e9 Ahmed Mazzouz du Groupe Mazzouz et Ali Haddad \u00e0 7 ans de prison ferme. Les deux mis en cause avaient \u00e9t\u00e9 reconnus coupables de blanchiment d\u2019argent.<br \/>L\u2019ex-patron du FCE et PDG du Groupe ETRHB, Ali Haddad, avait \u00e9t\u00e9 condamn\u00e9 \u00e0 7 ans de prison. Il avait \u00e9t\u00e9 reconnu coupable de blanchiment d\u2019argent dans le cadre de la campagne \u00e9lectorale du pr\u00e9sident de la R\u00e9publique d\u00e9chu, Abdelaziz Bouteflika. Il avait \u00e9t\u00e9 reconnu responsable de la collecte illicite de sommes colossales. Ces derni\u00e8res avaient \u00e9t\u00e9 r\u00e9cup\u00e9r\u00e9es au si\u00e8ge de son entreprise, \u00e0 Dar El-Beida.\u00a0<\/p>\n<p>Auteur: Boudjedri<br \/>\n<a href=\"http:\/\/www.jeune-independant.net\/Le-proces-en-appel-d-Ouyahia-et.html\">Cliquez ici pour lire l&rsquo;article depuis sa source.<\/a><\/p>\n","protected":false},"excerpt":{"rendered":"<p>Le proc\u00e8s en appel des ex-dirigeants politiques et hommes d\u2019affaires, \u00e0 leur t\u00eate Ahmed Ouyahia et Abdelmalek Sellal, qui ont \u00e9t\u00e9 respectivement condamn\u00e9s \u00e0 15 et 12 ans de prison ferme, s\u2019ouvrira ce mercredi \u00e0 la cour d\u2019Alger.Le dossier des mis en cause a \u00e9t\u00e9 confi\u00e9 au juge de la premi\u00e8re chambre p\u00e9nale pr\u00e8s la [&hellip;]<\/p>\n","protected":false},"author":1737,"featured_media":0,"comment_status":"closed","ping_status":"closed","sticky":false,"template":"","format":"standard","meta":{"fifu_image_url":"","fifu_image_alt":"","footnotes":""},"categories":[73,53],"tags":[],"class_list":["post-75929","post","type-post","status-publish","format-standard","hentry","category-actualite","category-algerie"],"_links":{"self":[{"href":"https:\/\/linitiative.ca\/International\/wp-json\/wp\/v2\/posts\/75929","targetHints":{"allow":["GET"]}}],"collection":[{"href":"https:\/\/linitiative.ca\/International\/wp-json\/wp\/v2\/posts"}],"about":[{"href":"https:\/\/linitiative.ca\/International\/wp-json\/wp\/v2\/types\/post"}],"author":[{"embeddable":true,"href":"https:\/\/linitiative.ca\/International\/wp-json\/wp\/v2\/users\/1737"}],"replies":[{"embeddable":true,"href":"https:\/\/linitiative.ca\/International\/wp-json\/wp\/v2\/comments?post=75929"}],"version-history":[{"count":0,"href":"https:\/\/linitiative.ca\/International\/wp-json\/wp\/v2\/posts\/75929\/revisions"}],"wp:attachment":[{"href":"https:\/\/linitiative.ca\/International\/wp-json\/wp\/v2\/media?parent=75929"}],"wp:term":[{"taxonomy":"category","embeddable":true,"href":"https:\/\/linitiative.ca\/International\/wp-json\/wp\/v2\/categories?post=75929"},{"taxonomy":"post_tag","embeddable":true,"href":"https:\/\/linitiative.ca\/International\/wp-json\/wp\/v2\/tags?post=75929"}],"curies":[{"name":"wp","href":"https:\/\/api.w.org\/{rel}","templated":true}]}}