{"id":75930,"date":"2020-02-11T19:33:44","date_gmt":"2020-02-12T00:33:44","guid":{"rendered":"https:\/\/linitiative.ca\/International\/daesh-revendique-lattentat-de-timiaouine\/"},"modified":"2020-02-11T19:33:44","modified_gmt":"2020-02-12T00:33:44","slug":"daesh-revendique-lattentat-de-timiaouine","status":"publish","type":"post","link":"https:\/\/linitiative.ca\/International\/daesh-revendique-lattentat-de-timiaouine\/","title":{"rendered":"Daesh revendique l&rsquo;attentat de Timiaouine"},"content":{"rendered":"<p><br class=\"autobr\"\/><br \/>\nLa branche de l\u2019organisation terroriste Daesh (Etat islamique) dans le Sahel a annonc\u00e9 ce mardi qu\u2019elle \u00e9tait derri\u00e8re l\u2019attentat \u00e0 la voiture pi\u00e9g\u00e9e qui a vis\u00e9 un d\u00e9tachement de l\u2019ANP dans la zone frontali\u00e8re de Timiaouine (Bordj Badji-Mokhtar), tuant un soldat en faction.<br \/>Dans un communiqu\u00e9 diffus\u00e9 sur les r\u00e9seaux sociaux, l\u2019organisation terroriste affirme que \u00ab\u00a0le fr\u00e8re martyr Omar Al Ansari s\u2019est introduit \u00e0 bord d\u2019un v\u00e9hicule \u00e0 l\u2019int\u00e9rieur de la caserne et s\u2019est fait exploser\u00a0\u00bb.\u00a0La branche de Daesh s\u00e9vissant dans la r\u00e9gion du Sahel, dirig\u00e9e par Abou El Walid El Sahraoui, \u00e2g\u00e9 de 47 ans, a sign\u00e9 son premier attentat \u00e0 l\u2019int\u00e9rieur du territoire alg\u00e9rien depuis l\u2019attaque meurtri\u00e8re de Tiguentourine en janvier 2013.<br \/>Le MDN avait indiqu\u00e9 dans un communiqu\u00e9 qu\u2019un d\u00e9tachement de l\u2019Arm\u00e9e nationale populaire avait \u00e9t\u00e9 la cible d\u2019un kamikaze \u00e0 bord d\u2019un v\u00e9hicule tout-terrain pi\u00e9g\u00e9, dimanche dernier, dans la zone frontali\u00e8re de Timiaouine, \u00e0 Bordj Badji-Mokhtar (6e R\u00e9gion militaire).\u00a0Aussit\u00f4t identifi\u00e9, le militaire charg\u00e9 du contr\u00f4le de l\u2019acc\u00e8s est parvenu \u00e0 mettre en \u00e9chec la tentative d\u2019entr\u00e9e en force du v\u00e9hicule suspect. Cependant, le kamikaze a fait exploser son v\u00e9hicule, causant le d\u00e9c\u00e8s du militaire en faction, a pr\u00e9cis\u00e9 le MDN.<\/p>\n<p><br class=\"autobr\"\/><br \/>\n\u00a0<\/p>\n<p>Auteur: Boudjedri<br \/>\n<a href=\"http:\/\/www.jeune-independant.net\/Daesh-revendique-l-attentat-de.html\">Cliquez ici pour lire l&rsquo;article depuis sa source.<\/a><\/p>\n","protected":false},"excerpt":{"rendered":"<p>La branche de l\u2019organisation terroriste Daesh (Etat islamique) dans le Sahel a annonc\u00e9 ce mardi qu\u2019elle \u00e9tait derri\u00e8re l\u2019attentat \u00e0 la voiture pi\u00e9g\u00e9e qui a vis\u00e9 un d\u00e9tachement de l\u2019ANP dans la zone frontali\u00e8re de Timiaouine (Bordj Badji-Mokhtar), tuant un soldat en faction.Dans un communiqu\u00e9 diffus\u00e9 sur les r\u00e9seaux sociaux, l\u2019organisation terroriste affirme que \u00ab\u00a0le [&hellip;]<\/p>\n","protected":false},"author":1737,"featured_media":0,"comment_status":"closed","ping_status":"closed","sticky":false,"template":"","format":"standard","meta":{"fifu_image_url":"","fifu_image_alt":"","footnotes":""},"categories":[73,53],"tags":[],"class_list":["post-75930","post","type-post","status-publish","format-standard","hentry","category-actualite","category-algerie"],"_links":{"self":[{"href":"https:\/\/linitiative.ca\/International\/wp-json\/wp\/v2\/posts\/75930","targetHints":{"allow":["GET"]}}],"collection":[{"href":"https:\/\/linitiative.ca\/International\/wp-json\/wp\/v2\/posts"}],"about":[{"href":"https:\/\/linitiative.ca\/International\/wp-json\/wp\/v2\/types\/post"}],"author":[{"embeddable":true,"href":"https:\/\/linitiative.ca\/International\/wp-json\/wp\/v2\/users\/1737"}],"replies":[{"embeddable":true,"href":"https:\/\/linitiative.ca\/International\/wp-json\/wp\/v2\/comments?post=75930"}],"version-history":[{"count":0,"href":"https:\/\/linitiative.ca\/International\/wp-json\/wp\/v2\/posts\/75930\/revisions"}],"wp:attachment":[{"href":"https:\/\/linitiative.ca\/International\/wp-json\/wp\/v2\/media?parent=75930"}],"wp:term":[{"taxonomy":"category","embeddable":true,"href":"https:\/\/linitiative.ca\/International\/wp-json\/wp\/v2\/categories?post=75930"},{"taxonomy":"post_tag","embeddable":true,"href":"https:\/\/linitiative.ca\/International\/wp-json\/wp\/v2\/tags?post=75930"}],"curies":[{"name":"wp","href":"https:\/\/api.w.org\/{rel}","templated":true}]}}