{"id":75931,"date":"2020-02-12T09:28:47","date_gmt":"2020-02-12T14:28:47","guid":{"rendered":"https:\/\/linitiative.ca\/International\/le-procureur-sid-ahmed-bedlhadi-mute-a-guemmar\/"},"modified":"2020-02-12T09:28:47","modified_gmt":"2020-02-12T14:28:47","slug":"le-procureur-sid-ahmed-bedlhadi-mute-a-guemmar","status":"publish","type":"post","link":"https:\/\/linitiative.ca\/International\/le-procureur-sid-ahmed-bedlhadi-mute-a-guemmar\/","title":{"rendered":"Le procureur Sid Ahmed Bedlhadi mut\u00e9 \u00e0 Guemmar"},"content":{"rendered":"<p>Le jeune procureur-adjoint pr\u00e8s du Tribunal de Sidi\u2019M\u2019hamed (Alger) Sid Ahmed Belhadi, qui s\u2019est conna\u00eetre en plaidant en faveur de la lib\u00e9ration de 17 manifestants du Hirak, a \u00e9t\u00e9 mut\u00e9 au Tribunal de Guemar dans la wilya d\u2019el Oued. C\u2019est ce qu\u2019a fait savoir une source au sein du club des magistrats.<br \/>Convoqu\u00e9 et entendu par sa tutelle le lendemain de son plaidoyer , la d\u00e9cision a \u00e9t\u00e9 prise ce mercredi pour sa mutation \u00e0 un tribunal au sud du pays.<br \/>Dimanche dernier, ce jeune procureur\u00a0s\u2019est prononc\u00e9 en plein audience et devant une assistance surprise par son aplomb, sur ce que pouvait \u00eatre l\u2019ind\u00e9pendance de la justice \u00e0 laquelle aspire tous les Alg\u00e9riens.<br \/>\u00ab\u00a0Les Alg\u00e9riens marchent d\u2019un pied ferme vers l\u2019Alg\u00e9rie nouvelle, une Alg\u00e9rie o\u00f9 la justice sera libre et ind\u00e9pendante. Les Alg\u00e9riens scandent des slogans r\u00e9clamant une justice libre et ind\u00e9pendante. Pour cela, j\u2019assume mes responsabilit\u00e9s en tant que repr\u00e9sentant du parquet. En concr\u00e9tisation du principe de l\u2019ind\u00e9pendance de la justice, et pour qu\u2019on ne dise pas qu\u2019on fonctionne avec les injonctions d\u2019en haut, le parquet demande la relaxe\u00a0\u00bb, a affirm\u00e9 ce procureur revendiquant l\u2019ind\u00e9pendance de la justice.<\/p>\n<p>Ce procureur qui n\u2019avait rien \u00e0 reprocher au 17 d\u00e9tenus pr\u00e9sent\u00e9s devant la justice ce matin a, dans son r\u00e9quisitoire, demand\u00e9 la relaxe des personnes arr\u00eat\u00e9es lors du 48e vendredi \u00e0 Alger, le 17 janvier dernier, parmi lesquels un militant de RAJ, Kamel Nemiche.<\/p>\n<p>Auteur: Boudjedri<br \/>\n<a href=\"http:\/\/www.jeune-independant.net\/Le-procureur-Sid-Ahmed-Bedlhadi.html\">Cliquez ici pour lire l&rsquo;article depuis sa source.<\/a><\/p>\n","protected":false},"excerpt":{"rendered":"<p>Le jeune procureur-adjoint pr\u00e8s du Tribunal de Sidi\u2019M\u2019hamed (Alger) Sid Ahmed Belhadi, qui s\u2019est conna\u00eetre en plaidant en faveur de la lib\u00e9ration de 17 manifestants du Hirak, a \u00e9t\u00e9 mut\u00e9 au Tribunal de Guemar dans la wilya d\u2019el Oued. C\u2019est ce qu\u2019a fait savoir une source au sein du club des magistrats.Convoqu\u00e9 et entendu par [&hellip;]<\/p>\n","protected":false},"author":1737,"featured_media":0,"comment_status":"closed","ping_status":"closed","sticky":false,"template":"","format":"standard","meta":{"fifu_image_url":"","fifu_image_alt":"","footnotes":""},"categories":[73,53],"tags":[],"class_list":["post-75931","post","type-post","status-publish","format-standard","hentry","category-actualite","category-algerie"],"_links":{"self":[{"href":"https:\/\/linitiative.ca\/International\/wp-json\/wp\/v2\/posts\/75931","targetHints":{"allow":["GET"]}}],"collection":[{"href":"https:\/\/linitiative.ca\/International\/wp-json\/wp\/v2\/posts"}],"about":[{"href":"https:\/\/linitiative.ca\/International\/wp-json\/wp\/v2\/types\/post"}],"author":[{"embeddable":true,"href":"https:\/\/linitiative.ca\/International\/wp-json\/wp\/v2\/users\/1737"}],"replies":[{"embeddable":true,"href":"https:\/\/linitiative.ca\/International\/wp-json\/wp\/v2\/comments?post=75931"}],"version-history":[{"count":0,"href":"https:\/\/linitiative.ca\/International\/wp-json\/wp\/v2\/posts\/75931\/revisions"}],"wp:attachment":[{"href":"https:\/\/linitiative.ca\/International\/wp-json\/wp\/v2\/media?parent=75931"}],"wp:term":[{"taxonomy":"category","embeddable":true,"href":"https:\/\/linitiative.ca\/International\/wp-json\/wp\/v2\/categories?post=75931"},{"taxonomy":"post_tag","embeddable":true,"href":"https:\/\/linitiative.ca\/International\/wp-json\/wp\/v2\/tags?post=75931"}],"curies":[{"name":"wp","href":"https:\/\/api.w.org\/{rel}","templated":true}]}}