{"id":75935,"date":"2020-02-12T09:53:00","date_gmt":"2020-02-12T14:53:00","guid":{"rendered":"https:\/\/linitiative.ca\/International\/epson-devoile-son-nouveau-projecteur-30-000-lumens-au-salon-ise-2020\/"},"modified":"2020-02-12T09:53:00","modified_gmt":"2020-02-12T14:53:00","slug":"epson-devoile-son-nouveau-projecteur-30-000-lumens-au-salon-ise-2020","status":"publish","type":"post","link":"https:\/\/linitiative.ca\/International\/epson-devoile-son-nouveau-projecteur-30-000-lumens-au-salon-ise-2020\/","title":{"rendered":"Epson d\u00e9voile son nouveau projecteur 30 000 lumens au salon ISE 2020"},"content":{"rendered":"<p>Venez d\u00e9couvrir les projections spectaculaires \u00ab Epson Unboxed \u00bb et de nouveaux produits AV pour les entreprises, les \u00e9tablissements scolaires, le divertissement et le commerce. Stand H90, hall 1.<\/p>\n<p>Epson, le premier fabricant de projecteurs au monde, d\u00e9voilera son nouveau projecteur laser 30 000 lumens (EBL30000U) sur le stand H90, hall 1 du salon ISE 2020 \u00e0 Amsterdam du 11 au 14 f\u00e9vrier 2020. Ce projecteur haut de gamme sera plac\u00e9 en version stack\u00e9e afin de pr\u00e9senter cette solution de projection impressionnante, et abordable, dot\u00e9e de 60 000 lumens et d\u2019une am\u00e9lioration 4k.<\/p>\n<p>Epson d\u00e9voilera cette ann\u00e9e au salon ISE de nouvelles solutions AV pour les entreprises, les \u00e9tablissements scolaires et les commerces, parmi les nouveaut\u00e9s:<\/p>\n<p><span class=\"c2\"><strong>\u2022<\/strong><\/span> Un objectif ultracourte focale (ELPLX03) pour les projecteurs de 25 000 \u00e0 30 000 lumens. Epson est le seul fabricant de projecteurs \u00e0 proposer un objectif \u00e0 ultra-courte focale sans offset pour tous ses objectifs interchangeables de 5 500 \u00e0 30 000 lumens.<\/p>\n<p><span class=\"c2\"><strong>\u2022<\/strong><\/span> Un nouveau projecteur laser avec un objectif ultra-courte focale (EB1485Fi) pour les r\u00e9unions en entreprises, avec deux entr\u00e9es pour l\u2019edge blending.<\/p>\n<p><span class=\"c2\"><strong>\u2022<\/strong><\/span> Deux projecteurs pour la signal\u00e9tique (EB-W70 et EB-805F) : le premier pour les commerces, le second pour la signal\u00e9tique en entreprise.<\/p>\n<p><span class=\"c2\"><strong>\u2022<\/strong><\/span> Un nouveau logiciel ProAV sur MAC, intuitif et simple \u00e0 utiliser.<\/p>\n<p>#EpsonUnboxed est le spectacle de projections \u00e0 voir cette ann\u00e9e. Cette installation \u00e0 fort impact visuel pr\u00e9sente 8 sc\u00e9nographies distinctes, projetant diff\u00e9rents graphismes \u00e9labor\u00e9s et du mapping. Les diff\u00e9rentes sc\u00e8nes ont \u00e9t\u00e9 con\u00e7ues comme une histoire qui monte progressivement jusqu\u2019\u00e0 atteindre son point culminant lors du grand final durant lequel appara\u00eet une v\u00e9ritable formule 1.<\/p>\n<p>Neil Colquhoun, vice-pr\u00e9sident de la r\u00e9gion CISMEA et dirigeant la BU Professional Display pour Epson Europe, a d\u00e9clar\u00e9 : \u00ab Il s\u2019agit de notre ligne AV la plus compl\u00e8te \u00e0 ce jour, contenant toutes les gammes de projecteurs laser avec am\u00e9lioration 4k et d\u2019optiques interchangeables. Du projecteur le plus haut de gamme avec le mod\u00e8le EB-L30000U de 30 000 lumens, aux projecteurs laser d\u2019entr\u00e9e de gamme ProAV. Nous avons enrichi notre gamme de solutions pour la signal\u00e9tique des commerces et de l\u2019h\u00f4tellerie, tout en mettant au point une gamme unique de projecteurs avec des objectifs ultra-courte focale pour les \u00e9tablissements scolaires et les entreprises. D\u2019autres nouveaut\u00e9s seront annonc\u00e9es dans le courant de l\u2019ann\u00e9e \u00bb.<br \/>Autre point fort du stand : une d\u00e9monstration des lunettes connect\u00e9es Moverio, en association avec Emozionella et Toledo Train Vision, utilis\u00e9es pour des visites touristiques particuli\u00e8res. Les visiteurs qui s\u2019arr\u00eateront au stand pourront, gr\u00e2ce \u00e0 ces lunettes, voyager \u00e0 bord d\u2019un train touristique et d\u00e9couvrir la magnifique ville de Tol\u00e8de, reconstitu\u00e9e gr\u00e2ce aux projecteurs Epson les plus performants et mise en avant par la r\u00e9alit\u00e9 augment\u00e9e.<\/p>\n<p>\u00ab La r\u00e9alit\u00e9 augment\u00e9e s\u2019impose rapidement au travers de nombreuses applications. Elle est pass\u00e9e de la d\u00e9monstration de faisabilit\u00e9 \u00e0 la mise en \u0153uvre dans le grand public. Notre travail avec Toledo Train Vision est un magnifique exemple qui montre comment les lunettes connect\u00e9es sont d\u00e9sormais utilis\u00e9es dans le secteur du tourisme pour offrir de nouvelles exp\u00e9riences aux visiteurs. Il ne s\u2019agit que d\u2019un exemple des nombreuses utilisations possibles de la r\u00e9alit\u00e9 augment\u00e9e dans diff\u00e9rents secteurs, tels que celui du commerce, de la sant\u00e9, de l\u2019enseignement, de la t\u00e9l\u00e9assistance, du divertissement, des mus\u00e9es et des attractions touristiques \u00bb, selon Val\u00e9rie Riffaud Cangelosi, responsable du d\u00e9veloppement des nouveaux march\u00e9s chez Epson pour le march\u00e9 EMEA.<\/p>\n<p>Venez profiter des derni\u00e8res innovations d\u2019Epson en mati\u00e8re de technologie de projection sur le stand H90, hall 1du salon ISE 2020.<\/p>\n<p>Utilisez #EpsonISE et #EpsonUnboxed pour rejoindre la conversation.<br \/>\u00a0<\/p>\n<p>Auteur:<br \/>\n<a href=\"https:\/\/www.leaders.com.tn\/article\/29117-epson-devoile-son-nouveau-projecteur-30-000-lumens-au-salon-ise-2020\">Cliquez ici pour lire l&rsquo;article depuis sa source.<\/a><\/p>\n","protected":false},"excerpt":{"rendered":"<p>Venez d\u00e9couvrir les projections spectaculaires \u00ab Epson Unboxed \u00bb et de nouveaux produits AV pour les entreprises, les \u00e9tablissements scolaires, le divertissement et le commerce. Stand H90, hall 1. Epson, le premier fabricant de projecteurs au monde, d\u00e9voilera son nouveau projecteur laser 30 000 lumens (EBL30000U) sur le stand H90, hall 1 du salon ISE [&hellip;]<\/p>\n","protected":false},"author":1772,"featured_media":0,"comment_status":"closed","ping_status":"closed","sticky":false,"template":"","format":"standard","meta":{"fifu_image_url":"","fifu_image_alt":"","footnotes":""},"categories":[73,55],"tags":[],"class_list":["post-75935","post","type-post","status-publish","format-standard","hentry","category-actualite","category-tunisie"],"_links":{"self":[{"href":"https:\/\/linitiative.ca\/International\/wp-json\/wp\/v2\/posts\/75935","targetHints":{"allow":["GET"]}}],"collection":[{"href":"https:\/\/linitiative.ca\/International\/wp-json\/wp\/v2\/posts"}],"about":[{"href":"https:\/\/linitiative.ca\/International\/wp-json\/wp\/v2\/types\/post"}],"author":[{"embeddable":true,"href":"https:\/\/linitiative.ca\/International\/wp-json\/wp\/v2\/users\/1772"}],"replies":[{"embeddable":true,"href":"https:\/\/linitiative.ca\/International\/wp-json\/wp\/v2\/comments?post=75935"}],"version-history":[{"count":0,"href":"https:\/\/linitiative.ca\/International\/wp-json\/wp\/v2\/posts\/75935\/revisions"}],"wp:attachment":[{"href":"https:\/\/linitiative.ca\/International\/wp-json\/wp\/v2\/media?parent=75935"}],"wp:term":[{"taxonomy":"category","embeddable":true,"href":"https:\/\/linitiative.ca\/International\/wp-json\/wp\/v2\/categories?post=75935"},{"taxonomy":"post_tag","embeddable":true,"href":"https:\/\/linitiative.ca\/International\/wp-json\/wp\/v2\/tags?post=75935"}],"curies":[{"name":"wp","href":"https:\/\/api.w.org\/{rel}","templated":true}]}}