{"id":75937,"date":"2020-02-12T13:01:00","date_gmt":"2020-02-12T18:01:00","guid":{"rendered":"https:\/\/linitiative.ca\/International\/gilles-kepel-la-tunisie-a-de-quoi-etre-preoccupee-par-la-grave-situation-en-libye-video\/"},"modified":"2020-02-12T13:01:00","modified_gmt":"2020-02-12T18:01:00","slug":"gilles-kepel-la-tunisie-a-de-quoi-etre-preoccupee-par-la-grave-situation-en-libye-video","status":"publish","type":"post","link":"https:\/\/linitiative.ca\/International\/gilles-kepel-la-tunisie-a-de-quoi-etre-preoccupee-par-la-grave-situation-en-libye-video\/","title":{"rendered":"Gilles Kepel : La Tunisie a de quoi \u00eatre pr\u00e9occup\u00e9e par la grave situation en Libye (Vid\u00e9o)"},"content":{"rendered":"<p>\u00ab L\u2019aggravation de la situation en Libye, avec le r\u00f4le massif qu\u2019y jouent la Turquie et la Russie, mais aussi la France et l\u2019Italie en concurrence directe ainsi que d\u2019autres puissances a de quoi susciter l\u00e9gitimement les pr\u00e9occupations de la Tunisie. L\u2019Alg\u00e9rie \u00e9galement qui s\u2019en trouve perturb\u00e9e ! \u00bb C\u2019est ce qu\u2019a affirm\u00e9 Gilles Kepel dans sa conf\u00e9rence donn\u00e9e mardi soir \u00e0 la R\u00e9sidence de l\u2019Ambassadeur de France \u00e0 Tunis. Analysant les crises r\u00e9centes dans le monde arabe et leurs cons\u00e9quences pour la Tunisie, il a mis en garde les proches voisins de la Libye de se retrouver dans l\u2019\u0153il du cyclone, surtout apr\u00e8s le transfert massif en Libye par la Turquie de djihadistes repris \u00e0 Idlib (Syrie).<\/p>\n<h2>les drones arm\u00e9s qui changent la donne sur le terrain<\/h2>\n<p>La coalition conduite par la Russie, l\u2019Arabie Saoudite, les Emirats, mais aussi la France et d\u2019autres pays en appui \u00e0 Khalifa Haftar, fait face aux djihadistes d\u00e9ploy\u00e9s par la Turquie qui s\u2019engage de tout son poids en faveur de Faiez as-Sarraj. L\u2019envoi massif des redoutables combattants russes de la compagnie Wagner attise les affrontements. Des deux c\u00f4t\u00e9s, des armements sophistiqu\u00e9s font rage. Apr\u00e8s le fax qui avait favoris\u00e9 Aymen Adhawahiri en Afghanistan, les satellites profitant \u00e0 Ben Laden et les r\u00e9seaux sociaux qui ont viralis\u00e9 Daech, ce sont d\u00e9sormais les drones arm\u00e9s qui changent la donne sur le terrain.<\/p>\n<p>Focalis\u00e9e sur le r\u00e9-engineering de son syst\u00e8me politique reconfigur\u00e9 avec la nouvelle constitution, et la mise en place de ses institutions, la Tunisie ne doit pas perdre de vue les enjeux g\u00e9ostrat\u00e9giques majeurs dans la r\u00e9gion, qui la concernent directement, a-t-il ajout\u00e9.<br \/>S\u2019appuyant sur ses th\u00e8ses d\u00e9velopp\u00e9es dans son livre \u2018\u2019Sortir du chaos, les crises en M\u00e9diterran\u00e9e et au Moyen-Orient\u2019\u2019 (Gallimard) dont la version en anglais paraitra sous peu aux Etats-Unis et une nouvelle \u00e9dition compl\u00e9t\u00e9e et mise \u00e0 jour sera en libraires en septembre prochain, Gilles Kepel pousse l\u2019analyse en tenant compte des \u00e9v\u00e8nements nouveaux survenus dans la r\u00e9gion (Syrie, Y\u00e9men, Iran, Turquie, Libye &#8230;)<\/p>\n<p class=\"c2\"><iframe loading=\"lazy\" src=\"https:\/\/www.youtube.com\/embed\/xjgS4Y0gFhs\" allow=\"accelerometer; autoplay; encrypted-media; gyroscope; picture-in-picture\" allowfullscreen=\"\" width=\"560\" height=\"315\" frameborder=\"0\">[embedded content]<\/iframe><\/p>\n<h2>Un monde nouveau o\u00f9 les Etats-Unis n\u2019ont plus la m\u00eame logique de pr\u00e9sence \u00e0 l\u2019\u00e9tranger<\/h2>\n<p>L\u2019\u00e9v\u00e8nement significatif qui vient de se produire dans la r\u00e9gion, selon Kepel est la \u00ab vaporisation \u00bb, le 3 janvier, de Ghassem Soleimani, g\u00e9n\u00e9ral iranien, v\u00e9ritable Num\u00e9ro 2 du r\u00e9gime, tu\u00e9 par un drone am\u00e9ricain dans l\u2019enceinte de l\u2019a\u00e9roport de Bagdad. Cet acte marque un bouleversement aux multiples cons\u00e9quences, co\u00efncidant cependant avec le retrait des Etats-Unis au Moyen Orient, d\u00e9j\u00e0 amorc\u00e9 par Obama et acc\u00e9l\u00e9r\u00e9 par Trump, souligne-t-il. Il ne s\u2019agit pas d\u2019un d\u00e9sengagement, souligne Gilles Kepel mais d&rsquo;une prise de champ qui s\u2019inspire du model jacksonien pratiqu\u00e9 par Donald Trump.<\/p>\n<p>Andrew Jackson 1767-1845) qui \u00e9tait pr\u00e9sident des Etats-Unis de 1829 \u00e0 1837, repr\u00e9sente un style distinctement populiste de la pens\u00e9e am\u00e9ricaine, exasp\u00e9r\u00e9 tant par les ennemis que par les alli\u00e9s. Ses adeptes sont hostiles aux interventions ext\u00e9rieures, et f\u00e9rus \u00ab d\u2019ass\u00e9cher les mar\u00e9cages \u00bb, selon la propre formule de Donald Trump. Dans cette logique jacksonienne, les int\u00e9r\u00eats des Etats sont secondaires par rapport \u00e0 ce qu\u2019ils peuvent apporter \u00e0 la r\u00e9\u00e9lection de Trump. Nous entrons ici dans un nouveau monde o\u00f9 les Etats-Unis n\u2019ont plus la m\u00eame logique de pr\u00e9sence ext\u00e9rieure.<\/p>\n<h2>Un plan pour la r\u00e9\u00e9lection de Trump et non pour la paix dans la r\u00e9gion<\/h2>\n<p>Quant au plan de paix am\u00e9ricain pour le Moyen Orient, il s\u2019agit en fait d&rsquo;un plan pour assurer Trump d\u2019un deuxi\u00e8me mandat \u00e0 la Maison Blanche en mobilisant les voix de l\u2019\u00e9lectorat juif, estime Kepel. Sans le mentionner explicitement, cette analyse permet de mieux comprendre le ressentiment de Washington envers la Tunisie qui a pris l\u2019initiative au nom du groupe arabe \u00e0 l\u2019ONU de plancher sur un projet de r\u00e9solution du conseil de S\u00e9curit\u00e9 \u00ab condamnant et rejetant \u00bb l\u2019initiative am\u00e9ricaine.<\/p>\n<p>Trente ans apr\u00e8s la fin de l\u2019Union sovi\u00e9tique, est-ce le tour de l\u2019OTAN de battre de l\u2019aile, comme l\u2019a laiss\u00e9 entendre Emmanuel Macron ? s\u2019interroge Gilles Kepel. Il affirme que tant que l\u2019Allemagne ne se d\u00e9cide pas \u00e0 y mettre le budget n\u00e9cessaire, avec d\u2019autres puissances, la d\u00e9fense de l\u2019Europe risque de conna\u00eetre des fragilit\u00e9s.<\/p>\n<h2>Comment continuer \u00e0 former et garantir des emplois ?<\/h2>\n<p>Pour revenir \u00e0 la Tunisie, Kepel consid\u00e8re que notre pays a certes pay\u00e9 le prix fort de son affranchissement de la dictature et de l\u2019amorce de sa d\u00e9mocratie, mais il repr\u00e9sente une lueur d\u2019espoir dans la r\u00e9gion et compte des atouts majeurs qu\u2019il gagnerait \u00e0 mettre en avant. Il mentionne notamment la g\u00e9n\u00e9ralisation de l\u2019enseignement et l\u2019\u00e9mergence en ascenseur social d\u2019une \u00e9lite cultiv\u00e9e et comp\u00e9tente \u00e0 qui il faut trouver un travail d\u00e9cent. Il rel\u00e8ve une nouvelle tendance de migration des comp\u00e9tences tunisiennes non seulement en Europe et en Am\u00e9rique du Nord, mais aussi au Maroc.<\/p>\n<p>La grande probl\u00e9matique de la Tunisie selon Kepel est d\u2019\u00eatre capable de trouver les ressources n\u00e9cessaires pour continuer \u00e0 former les jeunes, mais aussi \u00e0 leur procurer des emplois ? Le pays dispose des \u00e9l\u00e9ments d\u2019un mod\u00e8le vertueux de r\u00e9ussite qui n\u00e9cessite cependant ajustements en interne et appui en externe.<\/p>\n<p><strong>Lire aussi<\/strong><\/p>\n<p><a href=\"https:\/\/www.leaders.com.tn\/article\/29102-gilles-kepel-a-tunis-pour-traiter-des-crises-actuelles-du-monde-arabe-et-de-leurs-consequences-pour-la-tunisie\" target=\"_blank\" rel=\"noopener noreferrer\">Gilles Kepel \u00e0 Tunis pour traiter des crises actuelles du monde arabe et de leurs cons\u00e9quences pour la Tunisie<\/a><\/p>\n<p>Auteur:<br \/>\n<a href=\"https:\/\/www.leaders.com.tn\/article\/29118-gilles-kepel-la-tunisie-a-de-quoi-d-etre-preoccupee-par-la-grave-situation-en-libye-video\">Cliquez ici pour lire l&rsquo;article depuis sa source.<\/a><\/p>\n","protected":false},"excerpt":{"rendered":"<p>\u00ab L\u2019aggravation de la situation en Libye, avec le r\u00f4le massif qu\u2019y jouent la Turquie et la Russie, mais aussi la France et l\u2019Italie en concurrence directe ainsi que d\u2019autres puissances a de quoi susciter l\u00e9gitimement les pr\u00e9occupations de la Tunisie. L\u2019Alg\u00e9rie \u00e9galement qui s\u2019en trouve perturb\u00e9e ! \u00bb C\u2019est ce qu\u2019a affirm\u00e9 Gilles Kepel [&hellip;]<\/p>\n","protected":false},"author":1772,"featured_media":0,"comment_status":"closed","ping_status":"closed","sticky":false,"template":"","format":"standard","meta":{"fifu_image_url":"","fifu_image_alt":"","footnotes":""},"categories":[73,55],"tags":[],"class_list":["post-75937","post","type-post","status-publish","format-standard","hentry","category-actualite","category-tunisie"],"_links":{"self":[{"href":"https:\/\/linitiative.ca\/International\/wp-json\/wp\/v2\/posts\/75937","targetHints":{"allow":["GET"]}}],"collection":[{"href":"https:\/\/linitiative.ca\/International\/wp-json\/wp\/v2\/posts"}],"about":[{"href":"https:\/\/linitiative.ca\/International\/wp-json\/wp\/v2\/types\/post"}],"author":[{"embeddable":true,"href":"https:\/\/linitiative.ca\/International\/wp-json\/wp\/v2\/users\/1772"}],"replies":[{"embeddable":true,"href":"https:\/\/linitiative.ca\/International\/wp-json\/wp\/v2\/comments?post=75937"}],"version-history":[{"count":0,"href":"https:\/\/linitiative.ca\/International\/wp-json\/wp\/v2\/posts\/75937\/revisions"}],"wp:attachment":[{"href":"https:\/\/linitiative.ca\/International\/wp-json\/wp\/v2\/media?parent=75937"}],"wp:term":[{"taxonomy":"category","embeddable":true,"href":"https:\/\/linitiative.ca\/International\/wp-json\/wp\/v2\/categories?post=75937"},{"taxonomy":"post_tag","embeddable":true,"href":"https:\/\/linitiative.ca\/International\/wp-json\/wp\/v2\/tags?post=75937"}],"curies":[{"name":"wp","href":"https:\/\/api.w.org\/{rel}","templated":true}]}}