{"id":75938,"date":"2020-02-12T14:10:27","date_gmt":"2020-02-12T19:10:27","guid":{"rendered":"https:\/\/linitiative.ca\/International\/trois-projets-de-loi-et-22-conventions-internationales-adoptes\/"},"modified":"2020-02-12T14:10:27","modified_gmt":"2020-02-12T19:10:27","slug":"trois-projets-de-loi-et-22-conventions-internationales-adoptes","status":"publish","type":"post","link":"https:\/\/linitiative.ca\/International\/trois-projets-de-loi-et-22-conventions-internationales-adoptes\/","title":{"rendered":"Trois projets de loi et 22 conventions internationales adopt\u00e9s"},"content":{"rendered":"<p><strong>La Chambre des conseillers a adopt\u00e9, mardi lors d\u2019une s\u00e9ance pl\u00e9ni\u00e8re, trois projets de loi et 22 conventions internationales.<\/strong><\/p>\n<div class=\"c10\"\/>\n<p>La Chambre des conseillers a, ainsi, adopt\u00e9 le projet de loi n\u00b077.17 r\u00e9glementant la pratique de la m\u00e9decine l\u00e9gale au Maroc, qui vise \u00e0 mettre en place un cadre juridique int\u00e9gr\u00e9 pour la pratique des fonctions de la m\u00e9decine l\u00e9gale comme l\u2019une des professions auxiliaires du pouvoir judiciaire.<\/p>\n<p>Il s\u2019agit de d\u00e9finir les bases de r\u00e9glementation de la pratique de la m\u00e9decine l\u00e9gale, les missions des m\u00e9decins l\u00e9gistes, leurs droits et leurs obligations ainsi que les modalit\u00e9s de leur d\u00e9signation par les autorit\u00e9s judiciaires comp\u00e9tentes et les crit\u00e8res de r\u00e9alisation des rapports d\u2019autopsie.<\/p>\n<p>L\u2019institution l\u00e9gislative a, \u00e9galement, adopt\u00e9 le projet de loi organique n\u00b072.19 compl\u00e9tant la loi organique n\u00b002.12 relative \u00e0 la nomination aux hautes fonctions, en application des dispositions des articles 49 et 92 de la Constitution et le projet de loi n\u00b039.19 modifiant et compl\u00e9tant la loi n\u00b0 62.99 relative au code des juridictions financi\u00e8res.<\/p>\n<p>La Chambre des conseillers a, par ailleurs, adopt\u00e9 22 projets de loi portant approbation de conventions internationales visant particuli\u00e8rement \u00e0 donner un nouvel \u00e9lan aux relations du Maroc avec des pays amis issus notamment d\u2019Afrique, d\u2019Europe et de l\u2019Am\u00e9rique-latine.<\/p>\n<p>Dans ce contexte, la ministre d\u00e9l\u00e9gu\u00e9e charg\u00e9e des Marocains r\u00e9sidant \u00e0 l\u2019Etranger, Nezha El Ouafi a soulign\u00e9 que ces conventions s\u2019inscrivent dans le cadre de la diversification des partenariats bilat\u00e9raux du Maroc avec des pays amis dans diff\u00e9rents espaces g\u00e9ographiques et de la promotion du rayonnement du Royaume au niveau multilat\u00e9ral, dans le cadre de la poursuite de la mise en oeuvre de la vision royale en mati\u00e8re de promotion des partenariats traditionnels, tout en s\u2019ouvrant sur de nouveaux espaces g\u00e9opolitiques, par l\u2019instauration et la mise en oeuvre de m\u00e9canismes de coop\u00e9ration bilat\u00e9rale et multilat\u00e9rale.<\/p>\n<p>Elle a soulign\u00e9 que ces conventions, dont la plupart sont de nature \u00e9conomique, visent \u00e0 faire de la diplomatie \u00e9conomique un p\u00f4le dans le processus de d\u00e9veloppement de la politique \u00e9trang\u00e8re du Royaume, en continuant d\u2019adapter la m\u00e9thodologie et les outils de la diplomatie marocaine \u00e0 la nouvelle r\u00e9alit\u00e9 des relations internationales et en veillant au renforcement et \u00e0 la protection des int\u00e9r\u00eats \u00e9conomiques du Royaume, en particulier, \u00e0 la lumi\u00e8re des contraintes \u00e9conomiques de la mondialisation.<\/p>\n<p>Les projets de loi portant approbation des accords internationaux concernent particuli\u00e8rement la lutte contre la criminalit\u00e9, la coop\u00e9ration \u00e9conomique et commerciale, la pr\u00e9vention de la double imposition en mati\u00e8re des imp\u00f4ts sur le revenu (IR), ainsi que la lutte contre l\u2019\u00e9vasion et la fraude fiscales.<\/p>\n<div class=\"c17\">\n<fieldset class=\"c16\">\n<legend><strong><span class=\"c11\">Challenge<\/span><span class=\"c12\">news<\/span><\/strong><\/legend>\n<div class=\"c15\">Le meilleur de Challenge s\u00e9lectionn\u00e9 par la r\u00e9daction :<\/p>\n<\/div>\n<\/fieldset>\n<\/div>\n<p>Auteur: challenge<br \/>\n<a href=\"https:\/\/www.challenge.ma\/trois-projets-de-loi-et-22-conventions-internationales-adoptes-130051\/\">Cliquez ici pour lire l&rsquo;article depuis sa source.<\/a><\/p>\n","protected":false},"excerpt":{"rendered":"<p>La Chambre des conseillers a adopt\u00e9, mardi lors d\u2019une s\u00e9ance pl\u00e9ni\u00e8re, trois projets de loi et 22 conventions internationales. La Chambre des conseillers a, ainsi, adopt\u00e9 le projet de loi n\u00b077.17 r\u00e9glementant la pratique de la m\u00e9decine l\u00e9gale au Maroc, qui vise \u00e0 mettre en place un cadre juridique int\u00e9gr\u00e9 pour la pratique des fonctions [&hellip;]<\/p>\n","protected":false},"author":1787,"featured_media":0,"comment_status":"closed","ping_status":"closed","sticky":false,"template":"","format":"standard","meta":{"fifu_image_url":"","fifu_image_alt":"","footnotes":""},"categories":[78,54],"tags":[],"class_list":["post-75938","post","type-post","status-publish","format-standard","hentry","category-economie","category-maroc"],"_links":{"self":[{"href":"https:\/\/linitiative.ca\/International\/wp-json\/wp\/v2\/posts\/75938","targetHints":{"allow":["GET"]}}],"collection":[{"href":"https:\/\/linitiative.ca\/International\/wp-json\/wp\/v2\/posts"}],"about":[{"href":"https:\/\/linitiative.ca\/International\/wp-json\/wp\/v2\/types\/post"}],"author":[{"embeddable":true,"href":"https:\/\/linitiative.ca\/International\/wp-json\/wp\/v2\/users\/1787"}],"replies":[{"embeddable":true,"href":"https:\/\/linitiative.ca\/International\/wp-json\/wp\/v2\/comments?post=75938"}],"version-history":[{"count":0,"href":"https:\/\/linitiative.ca\/International\/wp-json\/wp\/v2\/posts\/75938\/revisions"}],"wp:attachment":[{"href":"https:\/\/linitiative.ca\/International\/wp-json\/wp\/v2\/media?parent=75938"}],"wp:term":[{"taxonomy":"category","embeddable":true,"href":"https:\/\/linitiative.ca\/International\/wp-json\/wp\/v2\/categories?post=75938"},{"taxonomy":"post_tag","embeddable":true,"href":"https:\/\/linitiative.ca\/International\/wp-json\/wp\/v2\/tags?post=75938"}],"curies":[{"name":"wp","href":"https:\/\/api.w.org\/{rel}","templated":true}]}}