{"id":75943,"date":"2020-02-12T10:49:35","date_gmt":"2020-02-12T15:49:35","guid":{"rendered":"https:\/\/linitiative.ca\/International\/tunisie-nouvelle-nomination-au-cabinet-de-kais-saied\/"},"modified":"2020-02-12T10:49:35","modified_gmt":"2020-02-12T15:49:35","slug":"tunisie-nouvelle-nomination-au-cabinet-de-kais-saied","status":"publish","type":"post","link":"https:\/\/linitiative.ca\/International\/tunisie-nouvelle-nomination-au-cabinet-de-kais-saied\/","title":{"rendered":"Tunisie: Nouvelle nomination au cabinet de Ka\u00efs Sa\u00efed"},"content":{"rendered":"<div class=\"post-cont-in left relative\">\n<p>Une nouvelle nomination a \u00e9t\u00e9 effectu\u00e9 au cabinet du pr\u00e9sident de la R\u00e9publique, Ka\u00efs Sa\u00efed, celle Hichem Machichi comme conseiller principal aupr\u00e8s du pr\u00e9sident de la R\u00e9publique en charge des affaires juridiques, \u00e0 compter du 5 f\u00e9vrier 2020, a indiqu\u00e9 un d\u00e9cret publi\u00e9 dans le dernier JORT.<\/p>\n<div class=\"code-block code-block-1 c3\"><ins class=\"adsbygoogle c2\" data-ad-layout=\"in-article\" data-ad-format=\"fluid\" data-ad-client=\"ca-pub-2102118777505746\" data-ad-slot=\"7301775417\"\/> <\/div>\n<p>Cette nomination est venue combler la vacance de ce poste apr\u00e8s la nomination de Nadia Akacha, en tant que directrice de cabinet du pr\u00e9sident.<\/p>\n<p>Un d\u00e9cret pr\u00e9sidentiel a \u00e9t\u00e9 \u00e9mis accordant \u00e0 Akacha le rang et les privil\u00e8ges d\u2019un ministre stipul\u00e9s dans l\u2019arr\u00eat\u00e9 du 12 f\u00e9vrier 1992 et le premier alin\u00e9a du chapitre 4 de l\u2019arr\u00eat\u00e9 du 30 mai 2000, \u00e0 compter du 28 janvier 2020.<\/p>\n<p>Nadia Akacha est consid\u00e9r\u00e9e comme la seule au cabinet pr\u00e9sidentiel \u00e0 b\u00e9n\u00e9ficier de ces privil\u00e8ges apr\u00e8s la d\u00e9mission du ministre-conseiller du pr\u00e9sident de la R\u00e9publique Abderraouf Betba\u00efeb, il y a environ deux semaines.<\/p>\n<p>A noter que Naoufel Hadia a \u00e9t\u00e9 nomm\u00e9 conseiller du pr\u00e9sident de la R\u00e9publique, charg\u00e9 des services du protocole, pour succ\u00e9der \u00e0 Tarek Hanachi.<\/p>\n<p><strong>Que se passe-t-il en Tunisie?<\/strong><br \/>Nous expliquons sur notre <a href=\"https:\/\/www.youtube.com\/channel\/UCRzypVq0B_yBad5eGrwBx0Q?sub_confirmation=1\" target=\"_blank\" rel=\"noopener noreferrer\">cha\u00eene YouTube<\/a> . <a href=\"https:\/\/www.youtube.com\/channel\/UCRzypVq0B_yBad5eGrwBx0Q?sub_confirmation=1\" target=\"_blank\" rel=\"noopener noreferrer\">Abonnez-vous!<\/a><\/p>\n<div class=\"mvp-org-wrap mvp-org-logo\" itemprop=\"publisher\" itemscope=\"\" itemtype=\"https:\/\/schema.org\/Organization\"><img decoding=\"async\" src=\"https:\/\/www.tunisienumerique.com\/wp-content\/uploads\/2017\/02\/logo_tunisie_numerique.png\"\/><\/div>\n<div class=\"mvp-related-posts left relative\">\n<h4 class=\"post-header\"><span class=\"post-header\">Lire aussi<\/span><\/h4>\n<\/div>\n<\/div>\n<p>Auteur: Mourad S<br \/>\n<a href=\"https:\/\/www.tunisienumerique.com\/tunisie-nouvelle-nomination-au-cabinet-de-kais-saied-2\/\">Cliquez ici pour lire l&rsquo;article depuis sa source.<\/a><\/p>\n","protected":false},"excerpt":{"rendered":"<p>Une nouvelle nomination a \u00e9t\u00e9 effectu\u00e9 au cabinet du pr\u00e9sident de la R\u00e9publique, Ka\u00efs Sa\u00efed, celle Hichem Machichi comme conseiller principal aupr\u00e8s du pr\u00e9sident de la R\u00e9publique en charge des affaires juridiques, \u00e0 compter du 5 f\u00e9vrier 2020, a indiqu\u00e9 un d\u00e9cret publi\u00e9 dans le dernier JORT. Cette nomination est venue combler la vacance de [&hellip;]<\/p>\n","protected":false},"author":1789,"featured_media":75944,"comment_status":"closed","ping_status":"closed","sticky":false,"template":"","format":"standard","meta":{"fifu_image_url":"","fifu_image_alt":"","footnotes":""},"categories":[73,55],"tags":[],"class_list":["post-75943","post","type-post","status-publish","format-standard","has-post-thumbnail","hentry","category-actualite","category-tunisie"],"_links":{"self":[{"href":"https:\/\/linitiative.ca\/International\/wp-json\/wp\/v2\/posts\/75943","targetHints":{"allow":["GET"]}}],"collection":[{"href":"https:\/\/linitiative.ca\/International\/wp-json\/wp\/v2\/posts"}],"about":[{"href":"https:\/\/linitiative.ca\/International\/wp-json\/wp\/v2\/types\/post"}],"author":[{"embeddable":true,"href":"https:\/\/linitiative.ca\/International\/wp-json\/wp\/v2\/users\/1789"}],"replies":[{"embeddable":true,"href":"https:\/\/linitiative.ca\/International\/wp-json\/wp\/v2\/comments?post=75943"}],"version-history":[{"count":0,"href":"https:\/\/linitiative.ca\/International\/wp-json\/wp\/v2\/posts\/75943\/revisions"}],"wp:featuredmedia":[{"embeddable":true,"href":"https:\/\/linitiative.ca\/International\/wp-json\/"}],"wp:attachment":[{"href":"https:\/\/linitiative.ca\/International\/wp-json\/wp\/v2\/media?parent=75943"}],"wp:term":[{"taxonomy":"category","embeddable":true,"href":"https:\/\/linitiative.ca\/International\/wp-json\/wp\/v2\/categories?post=75943"},{"taxonomy":"post_tag","embeddable":true,"href":"https:\/\/linitiative.ca\/International\/wp-json\/wp\/v2\/tags?post=75943"}],"curies":[{"name":"wp","href":"https:\/\/api.w.org\/{rel}","templated":true}]}}