{"id":75945,"date":"2020-02-12T11:04:21","date_gmt":"2020-02-12T16:04:21","guid":{"rendered":"https:\/\/linitiative.ca\/International\/tunisie-tahya-tounes-appelle-fakhfekh-a-elargir-la-base-politique-de-son-equipe-ministerielle\/"},"modified":"2020-02-12T11:04:21","modified_gmt":"2020-02-12T16:04:21","slug":"tunisie-tahya-tounes-appelle-fakhfekh-a-elargir-la-base-politique-de-son-equipe-ministerielle","status":"publish","type":"post","link":"https:\/\/linitiative.ca\/International\/tunisie-tahya-tounes-appelle-fakhfekh-a-elargir-la-base-politique-de-son-equipe-ministerielle\/","title":{"rendered":"Tunisie : Tahya Tounes appelle Fakhfekh \u00e0 \u00e9largir la base politique de son \u00e9quipe minist\u00e9rielle"},"content":{"rendered":"<div>\n<p>Le pr\u00e9sident du bloc parlementaire de Tahya Tounes, Mustapha Ben Ahmed a indiqu\u00e9, ce mercredi 12 f\u00e9vrier 2020, que son parti appelle \u00e0 \u201cl\u2019\u00e9largissement\u00a0de la base politique de l\u2019\u00e9quipe minist\u00e9rielle\u201d. Dans une d\u00e9claration accord\u00e9e \u00e0 l\u2019agence TAP, Ben Mustapha a fait savoir que Tahya Tounes\u00a0demande au chef du gouvernement d\u00e9sign\u00e9 Elyes Fakhfakh d\u2019\u00e9largir la base [\u2026]<\/p>\n<p>L\u2019article <a href=\"https:\/\/www.tunisienumerique.com\/tunisie-tahya-tounes-appelle-fakhfekh-a-elargir-la-base-politique-de-son-equipe-ministerielle\/\">Tunisie : Tahya Tounes appelle Fakhfekh \u00e0 \u00e9largir la base politique de son \u00e9quipe minist\u00e9rielle<\/a> est apparu en premier sur <a href=\"https:\/\/www.tunisienumerique.com\/\">Tunisie Num\u00e9rique<\/a>.<\/p>\n<\/div>\n<p>Auteur: Laameri Dorsaf<br \/>\n<a href=\"https:\/\/www.tunisienumerique.com\/tunisie-tahya-tounes-appelle-fakhfekh-a-elargir-la-base-politique-de-son-equipe-ministerielle\/\">Cliquez ici pour lire l&rsquo;article depuis sa source.<\/a><\/p>\n","protected":false},"excerpt":{"rendered":"<p>Le pr\u00e9sident du bloc parlementaire de Tahya Tounes, Mustapha Ben Ahmed a indiqu\u00e9, ce mercredi 12 f\u00e9vrier 2020, que son parti appelle \u00e0 \u201cl\u2019\u00e9largissement\u00a0de la base politique de l\u2019\u00e9quipe minist\u00e9rielle\u201d. Dans une d\u00e9claration accord\u00e9e \u00e0 l\u2019agence TAP, Ben Mustapha a fait savoir que Tahya Tounes\u00a0demande au chef du gouvernement d\u00e9sign\u00e9 Elyes Fakhfakh d\u2019\u00e9largir la base [&hellip;]<\/p>\n","protected":false},"author":1789,"featured_media":0,"comment_status":"closed","ping_status":"closed","sticky":false,"template":"","format":"standard","meta":{"fifu_image_url":"","fifu_image_alt":"","footnotes":""},"categories":[73,55],"tags":[],"class_list":["post-75945","post","type-post","status-publish","format-standard","hentry","category-actualite","category-tunisie"],"_links":{"self":[{"href":"https:\/\/linitiative.ca\/International\/wp-json\/wp\/v2\/posts\/75945","targetHints":{"allow":["GET"]}}],"collection":[{"href":"https:\/\/linitiative.ca\/International\/wp-json\/wp\/v2\/posts"}],"about":[{"href":"https:\/\/linitiative.ca\/International\/wp-json\/wp\/v2\/types\/post"}],"author":[{"embeddable":true,"href":"https:\/\/linitiative.ca\/International\/wp-json\/wp\/v2\/users\/1789"}],"replies":[{"embeddable":true,"href":"https:\/\/linitiative.ca\/International\/wp-json\/wp\/v2\/comments?post=75945"}],"version-history":[{"count":0,"href":"https:\/\/linitiative.ca\/International\/wp-json\/wp\/v2\/posts\/75945\/revisions"}],"wp:attachment":[{"href":"https:\/\/linitiative.ca\/International\/wp-json\/wp\/v2\/media?parent=75945"}],"wp:term":[{"taxonomy":"category","embeddable":true,"href":"https:\/\/linitiative.ca\/International\/wp-json\/wp\/v2\/categories?post=75945"},{"taxonomy":"post_tag","embeddable":true,"href":"https:\/\/linitiative.ca\/International\/wp-json\/wp\/v2\/tags?post=75945"}],"curies":[{"name":"wp","href":"https:\/\/api.w.org\/{rel}","templated":true}]}}