{"id":75946,"date":"2020-02-12T11:22:43","date_gmt":"2020-02-12T16:22:43","guid":{"rendered":"https:\/\/linitiative.ca\/International\/tunisie-qalb-tounes-et-la-coalition-al-karama-hors-du-gouvernement-selon-fethi-ayadi\/"},"modified":"2020-02-12T11:22:43","modified_gmt":"2020-02-12T16:22:43","slug":"tunisie-qalb-tounes-et-la-coalition-al-karama-hors-du-gouvernement-selon-fethi-ayadi","status":"publish","type":"post","link":"https:\/\/linitiative.ca\/International\/tunisie-qalb-tounes-et-la-coalition-al-karama-hors-du-gouvernement-selon-fethi-ayadi\/","title":{"rendered":"Tunisie: Qalb Tounes et la coalition Al Karama hors du gouvernement, selon Fethi Ayadi"},"content":{"rendered":"<div class=\"post-cont-in left relative\">\n<p>Le dirigeant au sein du mouvement Ennahdha, Fathi Ayadi, a fait part de ses r\u00e9serves concernant la formation du gouvernement, assurant qu\u2019il y avait un gros probl\u00e8me dans la mani\u00e8re de former le gouvernement et la formation de sa ceinture politique.<\/p>\n<div class=\"code-block code-block-1 c3\"><ins class=\"adsbygoogle c2\" data-ad-layout=\"in-article\" data-ad-format=\"fluid\" data-ad-client=\"ca-pub-2102118777505746\" data-ad-slot=\"7301775417\"\/> <\/div>\n<p>Il a not\u00e9 qu\u2019il disposait de donn\u00e9es indiquant que les partis Au Coeur de la Tunisie et la Coalition Al Karama ne seront pas inclus dans l\u2019\u00e9quipe gouvernementale.<\/p>\n<p>Ayadi a soulign\u00e9 qu\u2019il n\u2019y avait aucun progr\u00e8s dans les consultations, annon\u00e7ant qu\u2019Ennahdha tiendra ce soir une r\u00e9union de son bureau ex\u00e9cutif pour \u00e9tudier cette question et d\u00e9terminer sa position finale \u00e0 ce sujet.<\/p>\n<p>Il a \u00e9galement pr\u00e9cis\u00e9 que l\u2019octroi par Ennahdha de vote de confiance au gouvernement d\u2019Ely\u00e8s Fakhfekh sans y participer reste un sc\u00e9nario probable.<\/p>\n<p><strong>Que se passe-t-il en Tunisie?<\/strong><br \/>Nous expliquons sur notre <a href=\"https:\/\/www.youtube.com\/channel\/UCRzypVq0B_yBad5eGrwBx0Q?sub_confirmation=1\" target=\"_blank\" rel=\"noopener noreferrer\">cha\u00eene YouTube<\/a> . <a href=\"https:\/\/www.youtube.com\/channel\/UCRzypVq0B_yBad5eGrwBx0Q?sub_confirmation=1\" target=\"_blank\" rel=\"noopener noreferrer\">Abonnez-vous!<\/a><\/p>\n<div class=\"mvp-org-wrap mvp-org-logo\" itemprop=\"publisher\" itemscope=\"\" itemtype=\"https:\/\/schema.org\/Organization\"><img decoding=\"async\" src=\"https:\/\/www.tunisienumerique.com\/wp-content\/uploads\/2017\/02\/logo_tunisie_numerique.png\"\/><\/div>\n<div class=\"mvp-related-posts left relative\">\n<h4 class=\"post-header\"><span class=\"post-header\">Lire aussi<\/span><\/h4>\n<\/div>\n<\/div>\n<p>Auteur: Mourad S<br \/>\n<a href=\"https:\/\/www.tunisienumerique.com\/tunisie-qalb-tounes-et-la-coalition-al-karama-hors-du-gouvernement-selon-fethi-ayadi\/\">Cliquez ici pour lire l&rsquo;article depuis sa source.<\/a><\/p>\n","protected":false},"excerpt":{"rendered":"<p>Le dirigeant au sein du mouvement Ennahdha, Fathi Ayadi, a fait part de ses r\u00e9serves concernant la formation du gouvernement, assurant qu\u2019il y avait un gros probl\u00e8me dans la mani\u00e8re de former le gouvernement et la formation de sa ceinture politique. Il a not\u00e9 qu\u2019il disposait de donn\u00e9es indiquant que les partis Au Coeur de [&hellip;]<\/p>\n","protected":false},"author":1789,"featured_media":75947,"comment_status":"closed","ping_status":"closed","sticky":false,"template":"","format":"standard","meta":{"fifu_image_url":"","fifu_image_alt":"","footnotes":""},"categories":[73,55],"tags":[],"class_list":["post-75946","post","type-post","status-publish","format-standard","has-post-thumbnail","hentry","category-actualite","category-tunisie"],"_links":{"self":[{"href":"https:\/\/linitiative.ca\/International\/wp-json\/wp\/v2\/posts\/75946","targetHints":{"allow":["GET"]}}],"collection":[{"href":"https:\/\/linitiative.ca\/International\/wp-json\/wp\/v2\/posts"}],"about":[{"href":"https:\/\/linitiative.ca\/International\/wp-json\/wp\/v2\/types\/post"}],"author":[{"embeddable":true,"href":"https:\/\/linitiative.ca\/International\/wp-json\/wp\/v2\/users\/1789"}],"replies":[{"embeddable":true,"href":"https:\/\/linitiative.ca\/International\/wp-json\/wp\/v2\/comments?post=75946"}],"version-history":[{"count":0,"href":"https:\/\/linitiative.ca\/International\/wp-json\/wp\/v2\/posts\/75946\/revisions"}],"wp:featuredmedia":[{"embeddable":true,"href":"https:\/\/linitiative.ca\/International\/wp-json\/"}],"wp:attachment":[{"href":"https:\/\/linitiative.ca\/International\/wp-json\/wp\/v2\/media?parent=75946"}],"wp:term":[{"taxonomy":"category","embeddable":true,"href":"https:\/\/linitiative.ca\/International\/wp-json\/wp\/v2\/categories?post=75946"},{"taxonomy":"post_tag","embeddable":true,"href":"https:\/\/linitiative.ca\/International\/wp-json\/wp\/v2\/tags?post=75946"}],"curies":[{"name":"wp","href":"https:\/\/api.w.org\/{rel}","templated":true}]}}