{"id":75948,"date":"2020-02-12T15:01:08","date_gmt":"2020-02-12T20:01:08","guid":{"rendered":"https:\/\/linitiative.ca\/International\/incidents-lies-a-la-campagne-presidentielle-au-togo\/"},"modified":"2020-02-12T15:01:08","modified_gmt":"2020-02-12T20:01:08","slug":"incidents-lies-a-la-campagne-presidentielle-au-togo","status":"publish","type":"post","link":"https:\/\/linitiative.ca\/International\/incidents-lies-a-la-campagne-presidentielle-au-togo\/","title":{"rendered":"INCIDENTS LIES A LA CAMPAGNE PRESIDENTIELLE AU TOGO"},"content":{"rendered":"<div class=\"stream-item stream-item-above-post-content\">\n<p><noscript><\/p>\n<p><a href=\"\/\/www3.smartadserver.com\/ac?jump=1&#038;nwid=2136&#038;siteid=240610&#038;pgname=rg&#038;fmtid=49046&#038;visit=m&#038;tmstp=[timestamp]&#038;out=nonrich\" target=\"_blank\" rel=\"noopener noreferrer\"><img decoding=\"async\" src=\"\/\/www3.smartadserver.com\/ac?out=nonrich&#038;nwid=2136&#038;siteid=240610&#038;pgname=rg&#038;fmtid=49046&#038;visit=m&#038;tmstp=[timestamp]\" border=\"0\" alt=\"\"\/><\/a><\/p>\n<p><\/noscript><\/div>\n<p class=\"c3\"><em>Trois meetings de l\u2019Alliance nationale pour le changement (ANC) interdits par le pr\u00e9fet et le maire dans des communes du Nord, Cinkass\u00e9, Tandjouar\u00e9 et Gando. Un autre rassemblement du m\u00eame parti d\u2019opposition, perturb\u00e9 par des militants du parti au pouvoir, l\u2019UNIR. Et ces incidents ne sont pas les premiers du genre. C\u2019est du moins ce que d\u00e9nonce l\u2019opposant togolais, Jean-Pierre Fabre, remont\u00e9 contre ce qu\u2019il estime \u00eatre des obstacles sciemment dress\u00e9s par le pouvoir en place, sur le chemin de sa campagne \u00e9lectorale en vue de la pr\u00e9sidentielle du 22 f\u00e9vrier prochain. Et sa r\u00e9action ne se limite pas \u00e0 un coup de sang, puisque que son parti qui voit dans ces perturbations, \u00ab\u00a0quelque chose de bien orchestr\u00e9\u00a0\u00bb, envisage de porter plainte. Evidemment, l\u2019Ex\u00e9cutif togolais n\u2019embouche pas la m\u00eame trompette, renvoyant la balle \u00e0 l\u2019opposant Fabre, m\u00eame s\u2019il reconna\u00eet qu\u2019il y a bien eu un incident \u00e0 Bassar. Qui du pouvoir et de l\u2019ANC, dit vrai\u00a0? Une chose est s\u00fbre\u00a0: la tension est \u00e0 couper au couteau. Si les accusations de l\u2019ANC, \u00e9taient fond\u00e9es, il faudrait bl\u00e2mer l\u2019UNIR qui aurait alors donn\u00e9 des verges \u00e0 l\u2019opposant, pour se faire cravacher. Et dans ce cas, la question qui viendrait \u00e0 l\u2019esprit, serait de savoir pourquoi, diantre, le parti au pouvoir est-il si frileux\u00a0? Confront\u00e9 au nouveau mode de scrutin arrach\u00e9 de haute lutte par l\u2019opposition, qui passe \u00e0 deux tours, l\u2019UNIR est-elle sur le gril, au point de perdre sa s\u00e9r\u00e9nit\u00e9\u00a0? De quoi a-t-elle peur\u00a0? O\u00f9 faut-il plut\u00f4t voir dans ces troubles, l\u2019\u0153uvre de partisans z\u00e9l\u00e9s qui voudraient tout simplement faire plaisir au prince r\u00e9gnant\u00a0? Quoi qu\u2019il en soit, le candidat Faure Gnassingb\u00e9 n\u2019a pas besoin de \u00e7a. Il devrait plut\u00f4t travailler \u00e0 rendre le plus \u00abclean\u00a0\u00bb possible, sa r\u00e9\u00e9lection programm\u00e9e, dans une r\u00e9publique o\u00f9 l\u2019alternance d\u00e9mocratique s\u2019apparente quasiment \u00e0 un\u2026 totem. H\u00e9las, ce sera toujours ainsi tant que les institutions, l\u2019Administration et les moyens de l\u2019Etat seront mis au service du candidat du pouvoir.<\/em><\/p>\n<p class=\"c3\"><strong><em>On pourrait sugg\u00e9rer au Togo, la formule pratiqu\u00e9e dans un pays comme Madagascar<\/em><\/strong><\/p>\n<p class=\"c3\"><em>Une Administration r\u00e9publicaine, des institutions fortes, n\u00e9cessaires \u00e0 l\u2019enracinement de la d\u00e9mocratie, qu\u2019on ne se voile pas la face, ce n\u2019est pas demain la veille au Togo. Le candidat Jean-Pierre Fabre est-il \u00e0 la recherche d\u2019incidents, comme l\u2019en accusent les tenants du pouvoir\u00a0? En tout cas, chaque camp doit savoir raison garder et donner des gages de bonne foi pour une campagne civilis\u00e9e, sereine et pacifique. En particulier le pouvoir togolais qui a la lourde responsabilit\u00e9 de mener \u00e0 bien le processus \u00e9lectoral, au risque que les \u00e9lections en cours ne d\u00e9bouchent encore sur des violences post-\u00e9lectorales. Pour sa part, pour autant qu\u2019il d\u00e9sapprouve les man\u0153uvres ill\u00e9gales d\u00e9nonc\u00e9es \u00e0 tort ou \u00e0 raison par son principal challenger, Faure Gnassingb\u00e9 devrait tenter d\u2019y voir clair et r\u00e9agir, si les griefs sont av\u00e9r\u00e9s, dans le sens du bien et de l\u2019\u00e9quit\u00e9. Il en sortirait grandi. Sous d\u2019autres cieux, l\u2019on a vu des chefs d\u2019Etat montrer leur attachement \u00e0 plus d\u2019\u00e9quit\u00e9, en donnant toutes les chances \u00e0 leur l\u2019opposition\u00a0; ceux-ci avaient fait leur, l\u2019adage selon lequel \u00ab\u00a0\u00e0 vaincre sans p\u00e9ril,\u00a0on triomphe sans gloire\u00a0\u00bb. L\u2019homme fort de Lom\u00e9 serait dans cette logique, qu\u2019il mettrait en garde toute personne qui ramerait \u00e0 contre-courant de l\u2019expression d\u00e9mocratique, tout en brandissant la menace de sanctions. Mais, ce serait peut-\u00eatre trop demander \u00e0 Faure Gnassingb\u00e9 dont le pays continue de porter le bonnet d\u2019\u00e2ne en mati\u00e8re de d\u00e9mocratie dans la sous-r\u00e9gion. Ce rang peu honorable n\u2019est cependant pas une fatalit\u00e9\u00a0; tout est une question de volont\u00e9 d\u2019aller de l\u2019avant. A ce propos, l\u2019on pourrait sugg\u00e9rer au Togo, cette formule pratiqu\u00e9e dans un pays comme Madagascar. D\u00e8s que la campagne \u00e9lectorale pour la pr\u00e9sidentielle, est lanc\u00e9e, le gouvernement rend sa d\u00e9mission. Et le chef d\u2019Etat sortant devient un citoyen comme tout autre, en attendant sa probable r\u00e9\u00e9lection. Tout cela participe \u00e0 offrir plus de garanties d\u2019\u00e9galit\u00e9 de chances aux diff\u00e9rents candidats. Un exemple dont bien des pays \u00e0 la gouvernance politique approximative, devraient s\u2019inspirer s\u2019ils veulent vraiment tirer la d\u00e9mocratie vers le haut.<\/em><\/p>\n<p class=\"c3\"><strong><em>\u00ab Le Pays\u00a0\u00bb<\/em><\/strong><\/p>\n<p>Auteur: Le Pays<br \/>\n<a href=\"http:\/\/lepays.bf\/incidents-lies-a-la-campagne-presidentielle-au-togo\/\">Cliquez ici pour lire l&rsquo;article depuis sa source.<\/a><\/p>\n","protected":false},"excerpt":{"rendered":"<p>Trois meetings de l\u2019Alliance nationale pour le changement (ANC) interdits par le pr\u00e9fet et le maire dans des communes du Nord, Cinkass\u00e9, Tandjouar\u00e9 et Gando. Un autre rassemblement du m\u00eame parti d\u2019opposition, perturb\u00e9 par des militants du parti au pouvoir, l\u2019UNIR. Et ces incidents ne sont pas les premiers du genre. C\u2019est du moins ce [&hellip;]<\/p>\n","protected":false},"author":1813,"featured_media":0,"comment_status":"closed","ping_status":"closed","sticky":false,"template":"","format":"standard","meta":{"fifu_image_url":"","fifu_image_alt":"","footnotes":""},"categories":[73,81],"tags":[],"class_list":["post-75948","post","type-post","status-publish","format-standard","hentry","category-actualite","category-burkina-faso"],"_links":{"self":[{"href":"https:\/\/linitiative.ca\/International\/wp-json\/wp\/v2\/posts\/75948","targetHints":{"allow":["GET"]}}],"collection":[{"href":"https:\/\/linitiative.ca\/International\/wp-json\/wp\/v2\/posts"}],"about":[{"href":"https:\/\/linitiative.ca\/International\/wp-json\/wp\/v2\/types\/post"}],"author":[{"embeddable":true,"href":"https:\/\/linitiative.ca\/International\/wp-json\/wp\/v2\/users\/1813"}],"replies":[{"embeddable":true,"href":"https:\/\/linitiative.ca\/International\/wp-json\/wp\/v2\/comments?post=75948"}],"version-history":[{"count":0,"href":"https:\/\/linitiative.ca\/International\/wp-json\/wp\/v2\/posts\/75948\/revisions"}],"wp:attachment":[{"href":"https:\/\/linitiative.ca\/International\/wp-json\/wp\/v2\/media?parent=75948"}],"wp:term":[{"taxonomy":"category","embeddable":true,"href":"https:\/\/linitiative.ca\/International\/wp-json\/wp\/v2\/categories?post=75948"},{"taxonomy":"post_tag","embeddable":true,"href":"https:\/\/linitiative.ca\/International\/wp-json\/wp\/v2\/tags?post=75948"}],"curies":[{"name":"wp","href":"https:\/\/api.w.org\/{rel}","templated":true}]}}