{"id":75949,"date":"2020-02-12T15:54:00","date_gmt":"2020-02-12T20:54:00","guid":{"rendered":"https:\/\/linitiative.ca\/International\/lau-revoir-de-lambassadrice-du-nigeria-au-president-du-faso\/"},"modified":"2020-02-12T15:54:00","modified_gmt":"2020-02-12T20:54:00","slug":"lau-revoir-de-lambassadrice-du-nigeria-au-president-du-faso","status":"publish","type":"post","link":"https:\/\/linitiative.ca\/International\/lau-revoir-de-lambassadrice-du-nigeria-au-president-du-faso\/","title":{"rendered":"L\u2019au revoir de l\u2019ambassadrice  du Nigeria au pr\u00e9sident du Faso"},"content":{"rendered":"<div class=\"td-post-featured-image\"><a href=\"https:\/\/i1.wp.com\/www.sidwaya.info\/wp-content\/uploads\/2020\/02\/aambnigria.gif?fit=787%2C590&#038;ssl=1\" data-caption=\"\"><img loading=\"lazy\" decoding=\"async\" width=\"696\" height=\"522\" class=\"entry-thumb td-modal-image\" src=\"https:\/\/i1.wp.com\/www.sidwaya.info\/wp-content\/uploads\/2020\/02\/aambnigria.gif?resize=696%2C522&#038;ssl=1\" alt=\"\" title=\"aambnigria\"\/><\/a><\/div>\n<p><strong>Le Pr\u00e9sident du Faso, Roch Marc Christian Kabor\u00e9, a re\u00e7u le mercredi 12 f\u00e9vrier 2020 au palais de Kosyam, l\u2019ambassadrice de la R\u00e9publique f\u00e9d\u00e9rale du Nigeria, Rahmatu Dunama Ahmed, en fin de mission.<\/strong><\/p>\n<p>Apr\u00e8s avoir pass\u00e9 deux ans, l\u2019ambassadrice de la R\u00e9publique f\u00e9d\u00e9rale du Nigeria, quitte d\u00e9finitivement le Burkina Faso. En fin de mission, Rahmatu Dunama Ahmed, est all\u00e9e \u00ab faire ses adieux \u00bb au Pr\u00e9sident du Faso, Roch Marc Christian Kabor\u00e9. \u00ab Nous avons parl\u00e9 de la coop\u00e9ration entre le Burkina Faso et le Nigeria dont les deux peuples entretiennent des relations d\u2019amiti\u00e9 tr\u00e8s excellentes. Les \u00e9changes ont notamment port\u00e9 sur les possibilit\u00e9s et les moyens de renforcer davantage ces liens \u00bb, a-t-elle d\u00e9clar\u00e9 \u00e0 sa sortie d\u2019audience. Selon la diplomate, la rencontre de la Communaut\u00e9 \u00e9conomique des Etats de l\u2019Afrique de l\u2019Ouest (CEDEAO) sur la fermeture des fronti\u00e8res entre son pays et les autres Etats, a aussi \u00e9t\u00e9 abord\u00e9e au cours de l\u2019entrevue avec le chef de l\u2019Etat. \u00ab Le pr\u00e9sident du Faso a \u00e9t\u00e9 mandat\u00e9 pour convoquer une r\u00e9union en vue de discuter de la question afin que tout revienne \u00e0 la normale. Ladite rencontre est pr\u00e9vue pour se tenir les 14 et 15 f\u00e9vrier 2020 au Burkina Faso et nous esp\u00e9rons avoir la participation d\u2019une d\u00e9l\u00e9gation qui viendra de la R\u00e9publique f\u00e9d\u00e9rale \u00bb, a pr\u00e9cis\u00e9 Rahmatu Dunama Ahmed. Elle a aussi fait savoir qu\u2019il existe une commission mixte de coop\u00e9ration entre son pays et celui des Hommes int\u00e8gres et la derni\u00e8re session s\u2019est tenue en 2017. Les deux parties devraient se rencontrer en terre nig\u00e9riane l\u2019ann\u00e9e 2019 mais, pour des raisons logistiques, a-t-elle expliqu\u00e9, le rendez-vous n\u2019a pas eu lieu. La diplomate nig\u00e9riane a soutenu que les deux pays \u0153uvreront pour que cette session se tienne au cours de l\u2019ann\u00e9e 2020. Un protocole d\u2019accord est pr\u00e9vu pour \u00eatre sign\u00e9 \u00e0 l\u2019issue des travaux de la commission, foi de Mme Ahmed.<br \/>La coop\u00e9ration avec le Burkina Faso couvre les domaines de la d\u00e9fense, la lutte contre le terrorisme, le trafic d\u2019\u00eatres humains et pour les \u00e9changes commerciaux.<\/p>\n<p>Beyon Romain NEBIE<br \/>nbeyonromain@yahoo.fr<\/p>\n<div class=\"td-a-rec td-a-rec-id-content_bottom tdi_30_76e td_block_template_1\"><img loading=\"lazy\" decoding=\"async\" class=\"aligncenter size-full wp-image-9623\" src=\"https:\/\/www.sidwaya.info\/wp-content\/uploads\/2019\/06\/Projet-bannie%CC%80re-Orange-mobile.jpg\" alt=\"\" width=\"728\" height=\"81\"\/><\/div>\n<p>Auteur: BM. Sidwaya<br \/>\n<a href=\"https:\/\/www.sidwaya.info\/blog\/2020\/02\/12\/lau-revoir-de-lambassadrice-du-nigeria-au-president-du-faso\/\">Cliquez ici pour lire l&rsquo;article depuis sa source.<\/a><\/p>\n","protected":false},"excerpt":{"rendered":"<p>Le Pr\u00e9sident du Faso, Roch Marc Christian Kabor\u00e9, a re\u00e7u le mercredi 12 f\u00e9vrier 2020 au palais de Kosyam, l\u2019ambassadrice de la R\u00e9publique f\u00e9d\u00e9rale du Nigeria, Rahmatu Dunama Ahmed, en fin de mission. Apr\u00e8s avoir pass\u00e9 deux ans, l\u2019ambassadrice de la R\u00e9publique f\u00e9d\u00e9rale du Nigeria, quitte d\u00e9finitivement le Burkina Faso. En fin de mission, Rahmatu [&hellip;]<\/p>\n","protected":false},"author":1816,"featured_media":0,"comment_status":"closed","ping_status":"closed","sticky":false,"template":"","format":"standard","meta":{"fifu_image_url":"","fifu_image_alt":"","footnotes":""},"categories":[73,81],"tags":[],"class_list":["post-75949","post","type-post","status-publish","format-standard","hentry","category-actualite","category-burkina-faso"],"_links":{"self":[{"href":"https:\/\/linitiative.ca\/International\/wp-json\/wp\/v2\/posts\/75949","targetHints":{"allow":["GET"]}}],"collection":[{"href":"https:\/\/linitiative.ca\/International\/wp-json\/wp\/v2\/posts"}],"about":[{"href":"https:\/\/linitiative.ca\/International\/wp-json\/wp\/v2\/types\/post"}],"author":[{"embeddable":true,"href":"https:\/\/linitiative.ca\/International\/wp-json\/wp\/v2\/users\/1816"}],"replies":[{"embeddable":true,"href":"https:\/\/linitiative.ca\/International\/wp-json\/wp\/v2\/comments?post=75949"}],"version-history":[{"count":0,"href":"https:\/\/linitiative.ca\/International\/wp-json\/wp\/v2\/posts\/75949\/revisions"}],"wp:attachment":[{"href":"https:\/\/linitiative.ca\/International\/wp-json\/wp\/v2\/media?parent=75949"}],"wp:term":[{"taxonomy":"category","embeddable":true,"href":"https:\/\/linitiative.ca\/International\/wp-json\/wp\/v2\/categories?post=75949"},{"taxonomy":"post_tag","embeddable":true,"href":"https:\/\/linitiative.ca\/International\/wp-json\/wp\/v2\/tags?post=75949"}],"curies":[{"name":"wp","href":"https:\/\/api.w.org\/{rel}","templated":true}]}}