{"id":75950,"date":"2020-02-12T16:00:08","date_gmt":"2020-02-12T21:00:08","guid":{"rendered":"https:\/\/linitiative.ca\/International\/negocier-ensemble\/"},"modified":"2020-02-12T16:00:08","modified_gmt":"2020-02-12T21:00:08","slug":"negocier-ensemble","status":"publish","type":"post","link":"https:\/\/linitiative.ca\/International\/negocier-ensemble\/","title":{"rendered":"N\u00e9gocier ensemble"},"content":{"rendered":"<div class=\"td-post-featured-image\"><a href=\"https:\/\/i2.wp.com\/www.sidwaya.info\/wp-content\/uploads\/2020\/02\/regard13.gif?fit=448%2C270&#038;ssl=1\" data-caption=\"\"><img loading=\"lazy\" decoding=\"async\" width=\"448\" height=\"270\" class=\"entry-thumb td-modal-image\" src=\"https:\/\/i2.wp.com\/www.sidwaya.info\/wp-content\/uploads\/2020\/02\/regard13.gif?resize=448%2C270&#038;ssl=1\" alt=\"\" title=\"regard13\"\/><\/a><\/div>\n<p>\u00abJ\u2019ai le devoir et la mission de cr\u00e9er tous les espaces possibles et de tout faire pour que, par un biais ou un autre, nous parvenions \u00e0 un apaisement. Le nombre de morts dans le Sahel devient exponentiel. Je crois qu\u2019il est temps que certaines voies soient explor\u00e9es- (\u2026) Nous ne sommes pas des gens but\u00e9s, bloqu\u00e9s ou obtus \u00bb. C\u2019est en ces termes que le pr\u00e9sident malien, Ibrahim Boubacar Ke\u00efta (IBK), a mis fin \u00e0 ce qui ressemblait beaucoup plus \u00e0 des rumeurs, en marge du 33e sommet de l\u2019Union africaine, le 10 f\u00e9vrier \u00e0 Addis-Abeba en Ethiopie. \u00ab La solution, c\u2019est la n\u00e9gociation \u00bb, a-t-on coutume de dire quand un diff\u00e9rend oppose deux ou plusieurs parties. Dans la violente crise s\u00e9curitaire aux relents s\u00e9cessionnistes qui endeuille le Mali depuis plusieurs ann\u00e9es, le pr\u00e9sident Ibrahim Boubacar Ke\u00efta (IBK) semble avoir opt\u00e9 pour la voie du dialogue. Cette piste de l\u2019ouverture de discussions avec les terroristes \u00e9tait l\u2019une des recommandations du dialogue national ayant pris fin en d\u00e9cembre dernier.<br \/>L\u2019information a d\u2019abord<br \/>\u00ab fuit\u00e9 \u00bb avec le haut repr\u00e9sentant du chef de l\u2019Etat pour le Centre, Dioncounda Traor\u00e9, qui annon\u00e7ait, fin janvier, avoir envoy\u00e9 des \u00e9missaires aux leaders du Groupe de soutien \u00e0 l\u2019islam et aux musulmans (GSIM), Iyad Ag Ghaly et de la Katiba du Macina, Amadou Koufa, deux des groupes terroristes actifs au Mali. M\u00eame si de nombreux observateurs \u00e9mettent des doutes sur l\u2019aboutissement de ce dialogue, il convient de reconna\u00eetre que la r\u00e9ponse militaire aux attaques terroristes a montr\u00e9 ses limites au Mali. Dans plusieurs autres pays comme l\u2019Alg\u00e9rie, cette piste a donn\u00e9 des r\u00e9sultats probants et le pays de Modibo Ke\u00efta n\u2019aurait pas tort de l\u2019explorer. Toutefois, dans un contexte sah\u00e9lien o\u00f9 la gangr\u00e8ne terroriste ronge plusieurs Etats \u00e0 la fois, est-il judicieux pour le Mali de n\u00e9gocier seul ? En effet, si tant est que le dialogue avec les groupes terroristes est une alternative cr\u00e9dible dans la pacification du Sahel, ne serait-il pas plus efficace d\u2019y aller \u00ab ensemble \u00bb pour mutualiser les efforts comme, c\u2019est le cas avec la force conjointe du G5 Sahel ? Sinon, la signature d\u2019un accord entre Bamako du type \u00ab Ne me touche pas et je t\u2019\u00e9pargne \u00bb, risque de faire d\u2019une partie du Mali une base arri\u00e8re pour les hommes arm\u00e9s qui \u00e9cument la zone des trois fronti\u00e8res. Il reste \u00e0 savoir si l\u2019option de la n\u00e9gociation a \u00e9t\u00e9 envisag\u00e9e par Ouagadougou, Niamey, Nouakchott et Ndjam\u00e9na parce qu\u2019\u00e0 plusieurs reprises, certaines de ces capitales ont estim\u00e9 qu\u2019il n\u2019\u00e9tait pas question de n\u00e9gocier avec des terroristes. Le terrain commandant la man\u0153uvre, il ne faut n\u00e9anmoins pas occulter la possibilit\u00e9 que dans un secret absolu, certaines de ces capitales puissent prendre contact avec ces chefs terroristes pour \u00ab trouver un terrain d\u2019entente \u00bb en vue d\u2019\u00e9pargner \u00e0 leurs populations et Forces de d\u00e9fense et de s\u00e9curit\u00e9 (FDS), les affres des attaques meurtri\u00e8res, devenues quasi-quotidiennes. Dans ce cas, l\u2019officialisation du dialogue que le Mali a entam\u00e9e avec Iyad Ag Ghaly et Amadou Koufa n\u2019est qu\u2019un devoir de redevabilit\u00e9 dont se serait acquitt\u00e9 Bamako vis-\u00e0-vis des Maliens. En tous les cas, si les n\u00e9gociations peuvent pacifier l\u2019ex-Soudan fran\u00e7ais, il n\u2019y a pas de mal \u00e0 s\u2019en priver. Les prochains mois nous en diront<br \/>davantage.<\/p>\n<p>Jean-Marie TOE<\/p>\n<div class=\"td-a-rec td-a-rec-id-content_bottom tdi_30_e7e td_block_template_1\"><img loading=\"lazy\" decoding=\"async\" class=\"aligncenter size-full wp-image-9623\" src=\"https:\/\/www.sidwaya.info\/wp-content\/uploads\/2019\/06\/Projet-bannie%CC%80re-Orange-mobile.jpg\" alt=\"\" width=\"728\" height=\"81\"\/><\/div>\n<p>Auteur: BM. Sidwaya<br \/>\n<a href=\"https:\/\/www.sidwaya.info\/blog\/2020\/02\/12\/negocier-ensemble\/\">Cliquez ici pour lire l&rsquo;article depuis sa source.<\/a><\/p>\n","protected":false},"excerpt":{"rendered":"<p>\u00abJ\u2019ai le devoir et la mission de cr\u00e9er tous les espaces possibles et de tout faire pour que, par un biais ou un autre, nous parvenions \u00e0 un apaisement. Le nombre de morts dans le Sahel devient exponentiel. Je crois qu\u2019il est temps que certaines voies soient explor\u00e9es- (\u2026) Nous ne sommes pas des gens [&hellip;]<\/p>\n","protected":false},"author":1816,"featured_media":0,"comment_status":"closed","ping_status":"closed","sticky":false,"template":"","format":"standard","meta":{"fifu_image_url":"","fifu_image_alt":"","footnotes":""},"categories":[73,81],"tags":[],"class_list":["post-75950","post","type-post","status-publish","format-standard","hentry","category-actualite","category-burkina-faso"],"_links":{"self":[{"href":"https:\/\/linitiative.ca\/International\/wp-json\/wp\/v2\/posts\/75950","targetHints":{"allow":["GET"]}}],"collection":[{"href":"https:\/\/linitiative.ca\/International\/wp-json\/wp\/v2\/posts"}],"about":[{"href":"https:\/\/linitiative.ca\/International\/wp-json\/wp\/v2\/types\/post"}],"author":[{"embeddable":true,"href":"https:\/\/linitiative.ca\/International\/wp-json\/wp\/v2\/users\/1816"}],"replies":[{"embeddable":true,"href":"https:\/\/linitiative.ca\/International\/wp-json\/wp\/v2\/comments?post=75950"}],"version-history":[{"count":0,"href":"https:\/\/linitiative.ca\/International\/wp-json\/wp\/v2\/posts\/75950\/revisions"}],"wp:attachment":[{"href":"https:\/\/linitiative.ca\/International\/wp-json\/wp\/v2\/media?parent=75950"}],"wp:term":[{"taxonomy":"category","embeddable":true,"href":"https:\/\/linitiative.ca\/International\/wp-json\/wp\/v2\/categories?post=75950"},{"taxonomy":"post_tag","embeddable":true,"href":"https:\/\/linitiative.ca\/International\/wp-json\/wp\/v2\/tags?post=75950"}],"curies":[{"name":"wp","href":"https:\/\/api.w.org\/{rel}","templated":true}]}}