{"id":75951,"date":"2020-02-12T16:05:12","date_gmt":"2020-02-12T21:05:12","guid":{"rendered":"https:\/\/linitiative.ca\/International\/affectation-de-policiers-aux-affaires-etrangeres-le-syndicat-des-diplomates-denonce\/"},"modified":"2020-02-12T16:05:12","modified_gmt":"2020-02-12T21:05:12","slug":"affectation-de-policiers-aux-affaires-etrangeres-le-syndicat-des-diplomates-denonce","status":"publish","type":"post","link":"https:\/\/linitiative.ca\/International\/affectation-de-policiers-aux-affaires-etrangeres-le-syndicat-des-diplomates-denonce\/","title":{"rendered":"Affectation de policiers aux Affaires \u00e9trang\u00e8res: le syndicat des diplomates d\u00e9nonce"},"content":{"rendered":"<div class=\"td-post-featured-image\"><a href=\"https:\/\/i0.wp.com\/www.sidwaya.info\/wp-content\/uploads\/2020\/02\/sid-affaireetrg.gif?fit=787%2C414&#038;ssl=1\" data-caption=\"\"><img loading=\"lazy\" decoding=\"async\" width=\"696\" height=\"366\" class=\"entry-thumb td-modal-image\" src=\"https:\/\/i0.wp.com\/www.sidwaya.info\/wp-content\/uploads\/2020\/02\/sid-affaireetrg.gif?resize=696%2C366&#038;ssl=1\" alt=\"\" title=\"sid-affaireetrg\"\/><\/a><\/div>\n<p><strong>Le Syndicat autonome des agents du minist\u00e8re des Affaires \u00e9trang\u00e8res (SAMAE) a organis\u00e9, le mercredi 12 f\u00e9vrier 2020 \u00e0 Ouagadougou, une conf\u00e9rence de presse pour d\u00e9noncer la mise \u00e0 la disposition de leur d\u00e9partement, d\u2019agents de police \u00ab en vue de leur affectation dans les missions diplomatiques \u00bb.<\/strong><\/p>\n<p>Les responsables du Syndicat autonome des agents du minist\u00e8re des Affaires \u00e9trang\u00e8res (SAMAE) sont contre la gestion de certains aspects de leur d\u00e9partement. Ils l\u2019ont signifi\u00e9, le mercredi 12 f\u00e9vrier 2020 \u00e0 Ouagadougou, lors d\u2019une conf\u00e9rence de presse au cours de laquelle, la mise \u00e0 la disposition du minist\u00e8re des Affaires \u00e9trang\u00e8res et de la Coop\u00e9ration, de 30 agents de police a \u00e9t\u00e9 d\u00e9cri\u00e9e. Pour le secr\u00e9taire g\u00e9n\u00e9ral du SAME, Bruno Kambir\u00e9, la raison \u00e9voqu\u00e9e par les autorit\u00e9s du minist\u00e8re pour la mise \u00e0 la disposition de ces agents au d\u00e9partement, est la s\u00e9curisation des repr\u00e9sentations diplomatiques et consulaires du Burkina Faso. Or, pour lui, selon les termes des conventions de Vienne de 1961 et de 1963, la s\u00e9curisation des repr\u00e9sentations diplomatiques incombe \u00e0 l\u2019Etat accr\u00e9ditaire. \u00ab Toute affectation d\u2019agents de police burkinab\u00e8 \u00e0 cette t\u00e2che pourrait \u00eatre consid\u00e9r\u00e9e comme une remise en cause de la comp\u00e9tence de cet Etat \u00e0 s\u00e9curiser nos enclaves diplomatiques et pourrait ternir les relations que nous entretenons avec ces pays \u00bb, a-t-il pr\u00e9venu.<br \/>Il a, en plus, fait savoir que ces 30 agents de police ne seraient qu\u2019une premi\u00e8re vague qui doit, \u00e0 terme, conduire \u00e0 l\u2019affectation d\u2019une centaine d\u2019autres dans les repr\u00e9sentations et missions diplomatiques. Sans mettre en cause leurs comp\u00e9tences professionnelles et le droit l\u00e9gitime de tout agent public \u00e0 s\u2019\u00e9panouir dans sa profession, Bruno Kambir\u00e9 et ses camarades se sont dit indign\u00e9s par de tels agissements tendant \u00e0 \u00ab l\u2019infantilisation des diplomates burkinab\u00e8 et au bradage de la diplomatie \u00bb. Pour les responsables syndicaux de la SAMAE, ces man\u0153uvres ne sont pas loin d\u2019un choix fait pour r\u00e9pondre au m\u00e9contentement de certains corps de fonctionnaires, au m\u00e9pris de la situation s\u00e9curitaire que traverse le Burkina. En effet, les animateurs de la conf\u00e9rence disent ne pas comprendre une telle d\u00e9marche qui ne vise, de leur point de vue, qu\u2019\u00e0 se servir l\u2019affectation dans les missions diplomatique comme<br \/>\u00ab offrande \u00e0 des corporations d\u2019agents publics \u00bb. \u00ab La pr\u00e9dation des postes \u00e0 l\u2019\u00e9tranger ne peut que conduire au d\u00e9litement de l\u2019architecture diplomatique du Burkina \u00bb, s\u2019est offusqu\u00e9 Bruno Kambir\u00e9, invitant les autorit\u00e9s comp\u00e9tentes \u00e0 la tenue, sans d\u00e9lai, des \u00e9tats g\u00e9n\u00e9raux de la diplomatie burkinab\u00e8.<br \/>En attendant, a-t-il poursuivi, la SAMAE condamne le m\u00e9pris vis-\u00e0-vis de leur m\u00e9tier et les nominations \u00ab partisanes \u00bb et exige le rappel des policiers et du personnel non essentiel affect\u00e9s dans les missions diplomatiques et consulaires.<\/p>\n<p>Souma\u00efla BONKOUNGOU<\/p>\n<div class=\"td-a-rec td-a-rec-id-content_bottom tdi_30_bbb td_block_template_1\"><img loading=\"lazy\" decoding=\"async\" class=\"aligncenter size-full wp-image-9623\" src=\"https:\/\/www.sidwaya.info\/wp-content\/uploads\/2019\/06\/Projet-bannie%CC%80re-Orange-mobile.jpg\" alt=\"\" width=\"728\" height=\"81\"\/><\/div>\n<p>Auteur: BM. Sidwaya<br \/>\n<a href=\"https:\/\/www.sidwaya.info\/blog\/2020\/02\/12\/affectation-de-policiers-aux-affaires-etrangeres-le-syndicat-des-diplomates-denonce\/\">Cliquez ici pour lire l&rsquo;article depuis sa source.<\/a><\/p>\n","protected":false},"excerpt":{"rendered":"<p>Le Syndicat autonome des agents du minist\u00e8re des Affaires \u00e9trang\u00e8res (SAMAE) a organis\u00e9, le mercredi 12 f\u00e9vrier 2020 \u00e0 Ouagadougou, une conf\u00e9rence de presse pour d\u00e9noncer la mise \u00e0 la disposition de leur d\u00e9partement, d\u2019agents de police \u00ab en vue de leur affectation dans les missions diplomatiques \u00bb. Les responsables du Syndicat autonome des agents [&hellip;]<\/p>\n","protected":false},"author":1816,"featured_media":0,"comment_status":"closed","ping_status":"closed","sticky":false,"template":"","format":"standard","meta":{"fifu_image_url":"","fifu_image_alt":"","footnotes":""},"categories":[73,81],"tags":[],"class_list":["post-75951","post","type-post","status-publish","format-standard","hentry","category-actualite","category-burkina-faso"],"_links":{"self":[{"href":"https:\/\/linitiative.ca\/International\/wp-json\/wp\/v2\/posts\/75951","targetHints":{"allow":["GET"]}}],"collection":[{"href":"https:\/\/linitiative.ca\/International\/wp-json\/wp\/v2\/posts"}],"about":[{"href":"https:\/\/linitiative.ca\/International\/wp-json\/wp\/v2\/types\/post"}],"author":[{"embeddable":true,"href":"https:\/\/linitiative.ca\/International\/wp-json\/wp\/v2\/users\/1816"}],"replies":[{"embeddable":true,"href":"https:\/\/linitiative.ca\/International\/wp-json\/wp\/v2\/comments?post=75951"}],"version-history":[{"count":0,"href":"https:\/\/linitiative.ca\/International\/wp-json\/wp\/v2\/posts\/75951\/revisions"}],"wp:attachment":[{"href":"https:\/\/linitiative.ca\/International\/wp-json\/wp\/v2\/media?parent=75951"}],"wp:term":[{"taxonomy":"category","embeddable":true,"href":"https:\/\/linitiative.ca\/International\/wp-json\/wp\/v2\/categories?post=75951"},{"taxonomy":"post_tag","embeddable":true,"href":"https:\/\/linitiative.ca\/International\/wp-json\/wp\/v2\/tags?post=75951"}],"curies":[{"name":"wp","href":"https:\/\/api.w.org\/{rel}","templated":true}]}}