{"id":75952,"date":"2020-02-12T16:15:57","date_gmt":"2020-02-12T21:15:57","guid":{"rendered":"https:\/\/linitiative.ca\/International\/le-statut-particulier-de-leducation-adopte\/"},"modified":"2020-02-12T16:15:57","modified_gmt":"2020-02-12T21:15:57","slug":"le-statut-particulier-de-leducation-adopte","status":"publish","type":"post","link":"https:\/\/linitiative.ca\/International\/le-statut-particulier-de-leducation-adopte\/","title":{"rendered":"Le statut particulier de l\u2019\u00e9ducation adopt\u00e9"},"content":{"rendered":"<div class=\"td-post-featured-image\"><a href=\"https:\/\/i2.wp.com\/www.sidwaya.info\/wp-content\/uploads\/2020\/02\/micom.gif?fit=787%2C646&#038;ssl=1\" data-caption=\"\"><img loading=\"lazy\" decoding=\"async\" width=\"696\" height=\"571\" class=\"entry-thumb td-modal-image\" src=\"https:\/\/i2.wp.com\/www.sidwaya.info\/wp-content\/uploads\/2020\/02\/micom.gif?resize=696%2C571&#038;ssl=1\" alt=\"\" title=\"micom\"\/><\/a><\/div>\n<p><strong>Le Conseil des ministres s\u2019est tenu, le mercredi 12 f\u00e9vrier 2020, \u00e0 Ouagadougou, sous la pr\u00e9sidence du chef de l\u2019Etat, Roch Marc Christian Kabor\u00e9.<\/strong><\/p>\n<p>Les personnels de l\u2019\u00e9ducation tiennent enfin leur s\u00e9same. Le Conseil des ministres, en sa s\u00e9ance du mercredi 12 f\u00e9vrier 2020, a adopt\u00e9 un d\u00e9cret portant statut particulier du m\u00e9tier \u00e9ducation, formation et promotion de l\u2019emploi. \u00abLa loi 081 pose le principe de regroupement des fonctionnaires par m\u00e9tier, famille d\u2019emploi et emploi. (\u2026) D\u2019autres d\u00e9crets inh\u00e9rents \u00e0 d\u2019autres m\u00e9tiers et emplois seront adopt\u00e9s \u00bb, a inform\u00e9 le ministre de la Communication, Porte-parole du gouvernement, R\u00e9mis Fulgance Dandjinou.<br \/>Il a par ailleurs indiqu\u00e9 que 169 personnes ont \u00e9t\u00e9 naturalis\u00e9es Burkinab\u00e8. A l\u2019entendre, les int\u00e9ress\u00e9s sont consid\u00e9r\u00e9s comme \u00e9tant de \u00ab bonnes m\u0153urs \u00bb, selon les diff\u00e9rentes enqu\u00eates. \u00ab Pour \u00eatre naturalis\u00e9 Burkinab\u00e8, il faut \u00eatre un \u00e9tranger ou un apatride justifiant au moins d\u2019une dur\u00e9e de r\u00e9sidence de dix ans. Cette dur\u00e9e peut \u00eatre ramen\u00e9e \u00e0 deux ans pour l\u2019\u00e9tranger vivant au Burkina Faso ayant rendu service ou qui peut rendre des services au pays \u00bb, a-t-il expliqu\u00e9. Au titre du minist\u00e8re de la Sant\u00e9, le conseil a \u00e9tudi\u00e9 un rapport relatif \u00e0 la mise en \u0153uvre de la campagne nationale de vaccination contre la rougeole et la rub\u00e9ole au profit des enfants de 9 \u00e0 59 mois. Elle a \u00e9t\u00e9<br \/>r\u00e9alis\u00e9e du 22 au 28 novembre 2018. Au total, 3 millions 254 mille 425 enfants ont \u00e9t\u00e9 vaccin\u00e9s sur un objectif de d\u00e9part de 3 millions 78 mille 334 sur toute l\u2019\u00e9tendue du territoire national. Le co\u00fbt global de cette campagne est estim\u00e9 \u00e0 plus de 3 milliards cinq<br \/>millions F CFA. Le conseil a f\u00e9licit\u00e9 tous les acteurs qui ont permis d\u2019atteindre ces \u00ab excellents r\u00e9sultats \u00bb.<br \/>Pour ce qui est du minist\u00e8re de l\u2019Economie, des Finances et du D\u00e9veloppement, la feuille de route pour l\u2019efficacit\u00e9 \u00e9nerg\u00e9tique, dans le cadre du second compact Millenium challenge corporation, a \u00e9t\u00e9 adopt\u00e9e. Aux dires du ministre de la Communication, elle propose des mesures visant \u00e0 terme \u00e0 progresser vers l\u2019\u00e9quilibre \u00e9conomique et financier, \u00e0 renforcer la gouvernance du secteur et \u00e0 am\u00e9liorer la performance op\u00e9rationnelle de l\u2019ensemble des acteurs. \u00ab Cette feuille de route se d\u00e9finit en 9 th\u00e8mes et 102 points qui permettront d\u2019atteindre ce r\u00e9sultat. Elle s\u2019inscrit dans la mise en \u0153uvre de l\u2019aide-m\u00e9moire sign\u00e9 le 26 d\u00e9cembre 2019 entre le Burkina Faso et le MCC dont l\u2019objectif est de renforcer le domaine de l\u2019\u00e9lectricit\u00e9 \u00e0 l\u2019horizon 2035 \u00bb, a d\u00e9taill\u00e9 M. Dandjinou.<br \/>Au titre des infrastructures, il y a eu l\u2019approbation et l\u2019attribution du march\u00e9 de construction et de bitumage du boulevard des Tangsoba entre l\u2019intersection de la RN 3 route de Kaya jusqu\u2019\u00e0 l\u2019\u00e9changeur du Nord. Le co\u00fbt de cette r\u00e9alisation s\u2019\u00e9l\u00e8ve \u00e0 plus de 20 milliards 600 millions F CFA avec un d\u00e9lai d\u2019ex\u00e9cution de 24 mois. Ces dix kilom\u00e8tres de travaux seront r\u00e9alis\u00e9s par le consortium d\u2019entreprises Globex Construction et SOROUBAT.<\/p>\n<p>Karim BADOLO<\/p>\n<div class=\"td-a-rec td-a-rec-id-content_bottom tdi_30_743 td_block_template_1\"><img loading=\"lazy\" decoding=\"async\" class=\"aligncenter size-full wp-image-9623\" src=\"https:\/\/www.sidwaya.info\/wp-content\/uploads\/2019\/06\/Projet-bannie%CC%80re-Orange-mobile.jpg\" alt=\"\" width=\"728\" height=\"81\"\/><\/div>\n<p>Auteur: BM. Sidwaya<br \/>\n<a href=\"https:\/\/www.sidwaya.info\/blog\/2020\/02\/12\/le-statut-particulier-de-leducation-adopte\/\">Cliquez ici pour lire l&rsquo;article depuis sa source.<\/a><\/p>\n","protected":false},"excerpt":{"rendered":"<p>Le Conseil des ministres s\u2019est tenu, le mercredi 12 f\u00e9vrier 2020, \u00e0 Ouagadougou, sous la pr\u00e9sidence du chef de l\u2019Etat, Roch Marc Christian Kabor\u00e9. Les personnels de l\u2019\u00e9ducation tiennent enfin leur s\u00e9same. Le Conseil des ministres, en sa s\u00e9ance du mercredi 12 f\u00e9vrier 2020, a adopt\u00e9 un d\u00e9cret portant statut particulier du m\u00e9tier \u00e9ducation, formation [&hellip;]<\/p>\n","protected":false},"author":1816,"featured_media":0,"comment_status":"closed","ping_status":"closed","sticky":false,"template":"","format":"standard","meta":{"fifu_image_url":"","fifu_image_alt":"","footnotes":""},"categories":[73,81],"tags":[],"class_list":["post-75952","post","type-post","status-publish","format-standard","hentry","category-actualite","category-burkina-faso"],"_links":{"self":[{"href":"https:\/\/linitiative.ca\/International\/wp-json\/wp\/v2\/posts\/75952","targetHints":{"allow":["GET"]}}],"collection":[{"href":"https:\/\/linitiative.ca\/International\/wp-json\/wp\/v2\/posts"}],"about":[{"href":"https:\/\/linitiative.ca\/International\/wp-json\/wp\/v2\/types\/post"}],"author":[{"embeddable":true,"href":"https:\/\/linitiative.ca\/International\/wp-json\/wp\/v2\/users\/1816"}],"replies":[{"embeddable":true,"href":"https:\/\/linitiative.ca\/International\/wp-json\/wp\/v2\/comments?post=75952"}],"version-history":[{"count":0,"href":"https:\/\/linitiative.ca\/International\/wp-json\/wp\/v2\/posts\/75952\/revisions"}],"wp:attachment":[{"href":"https:\/\/linitiative.ca\/International\/wp-json\/wp\/v2\/media?parent=75952"}],"wp:term":[{"taxonomy":"category","embeddable":true,"href":"https:\/\/linitiative.ca\/International\/wp-json\/wp\/v2\/categories?post=75952"},{"taxonomy":"post_tag","embeddable":true,"href":"https:\/\/linitiative.ca\/International\/wp-json\/wp\/v2\/tags?post=75952"}],"curies":[{"name":"wp","href":"https:\/\/api.w.org\/{rel}","templated":true}]}}