{"id":75954,"date":"2020-02-12T15:18:03","date_gmt":"2020-02-12T20:18:03","guid":{"rendered":"https:\/\/linitiative.ca\/International\/plaidoyer-a-abidjan-pour-lacces-au-logement-des-femmes-rurales-africaines\/"},"modified":"2020-02-12T15:18:03","modified_gmt":"2020-02-12T20:18:03","slug":"plaidoyer-a-abidjan-pour-lacces-au-logement-des-femmes-rurales-africaines","status":"publish","type":"post","link":"https:\/\/linitiative.ca\/International\/plaidoyer-a-abidjan-pour-lacces-au-logement-des-femmes-rurales-africaines\/","title":{"rendered":"Plaidoyer \u00e0 Abidjan pour l\u2019acc\u00e8s au logement des femmes rurales africaines"},"content":{"rendered":"<div readability=\"32\">\n<p>Publi\u00e9 le 12.02.2020 \u00e0 21h18 par APA News<\/p>\n<\/div>\n<div readability=\"106\">\n<p>Le s\u00e9minaire r\u00e9gional de haut niveau sur l\u2019autonomisation politique, socio\u00e9conomique et culturelle des femmes africaines s\u2019est achev\u00e9 mercredi \u00e0 Abidjan apr\u00e8s 72h de conclave avec pour r\u00e9solution majeure un plaidoyer pour l\u2019acc\u00e8s des femmes rurales africaines au logement en pr\u00e9sence de Moussa Diabat\u00e9, Directeur de cabinet adjoint du ministre ivoirien de la fonction publique, a appris APA sur place.\u00a0\u00ab On a propos\u00e9 une formule qui sont des logements sociaux \u00e0 moindre co\u00fbt mais adapt\u00e9s suite \u00e0 une \u00e9tude que nous avons eu \u00e0 faire dans des localit\u00e9s rurales. Il \u00a0s\u2019est av\u00e9r\u00e9 que dans cette \u00e9tude les femmes demandaient aussi bien \u00a0les logements que les hommes. Et donc un sch\u00e9ma sera propos\u00e9 aux gouvernements\u00bb, a dit \u00e0 APA la Conseill\u00e8re \u00e9conomique, sociale, environnementale et culturelle ivoirienne Dr Fatoumata Traor\u00e9 Diop.<\/p>\n<p>\u00ab Il faut que les femmes occupent leur place dans le processus d\u2019\u00e9mergence des pays africains, a-t-elle soutenu, estimant que \u00ab un pays ne peut \u00eatre \u00e9mergent que quand les femmes \u00e9mergent aussi \u00bb. \u00a0<\/p>\n<p>Poursuivant, Dr Traor\u00e9 Diop, \u00e9galement membre du Comit\u00e9 consultatif international du Centre africain de formation et de recherche administrative pour d\u00e9veloppement (CAFRAD), a \u00a0plaid\u00e9 pour l\u2019acc\u00e8s des femmes rurales \u00e0 des logements d\u00e9cents.<\/p>\n<p>\u00abSi on veut avoir une \u00e9mergence efficace, il faut \u00e9galement que les femmes participent \u00e0 cette \u00e9mergence et si les femmes doivent participer \u00e0 cela, \u00a0on ne peut pas oublier celles du monde rural\u00bb, a ajout\u00e9 Dr Traor\u00e9 Diop qui a coordonn\u00e9 ce s\u00e9minaire organis\u00e9 par le CAFRAD.<\/p>\n<p>Avant elle, Dr Binat\u00e9 Fofana Namizata qui repr\u00e9sentait la ministre ivoirienne de la femme, de la famille et de l\u2019enfant, a soutenu dans la m\u00eame veine que \u00ab avoir un toit, c\u2019est une s\u00e9curit\u00e9 \u00bb pour les femmes rurales.<\/p>\n<p>\u00ab Il \u00a0a \u00e9t\u00e9 question de l\u2019acc\u00e8s des femmes au logement en milieu rural. L\u2019accent a \u00e9t\u00e9 mis sur les femmes qui vivent en milieu rural. Nous savons que nos mamans qui vivent en milieu rural font beaucoup pour nos populations. Mais elles sont confront\u00e9es \u00e0 beaucoup de probl\u00e8mes\u00bb, a fait remarquer la repr\u00e9sentante de la ministre Ly Ramata Bakayoko.<\/p>\n<p>Poursuivant, elle a fait savoir que plusieurs autres r\u00e9solutions ont sanctionn\u00e9 ces assises au-del\u00e0 de la \u00a0 probl\u00e9matique du logement des femmes rurales. Au nombre de celles-ci, il a cit\u00e9 entre autres, l\u2019acc\u00e8s \u00e0 l\u2019\u00e9ducation des femmes et le regroupement des femmes rurales en association pour faciliter leur acc\u00e8s au cr\u00e9dit.<\/p>\n<p>\u00ab L\u2019acc\u00e8s au financement des femmes est un \u00e9l\u00e9ment tr\u00e8s important. Donc nous avons invit\u00e9 les femmes \u00e0 se regrouper pour pouvoir b\u00e9n\u00e9ficier facilement des financements \u00bb, a indiqu\u00e9 Mme Binat\u00e9 plaidant \u00e9galement pour un engagement plus accru de l\u2019\u00c9tat aux c\u00f4t\u00e9s des femmes.<\/p>\n<p>Pour sa part, Stephane Monney Mouandjo, le directeur du Centre africain de recherche administrative pour le d\u00e9veloppement (CAFRAD), organisme intergouvernemental qui a co-organis\u00e9 ce conclave avec ses partenaires, a annonc\u00e9 l\u2019institutionnalisation \u00a0de cet \u00e9v\u00e9nement qui sera baptis\u00e9 d\u00e9sormais Forum panafricain des femmes.\u00a0<\/p>\n<p>Ce s\u00e9minaire r\u00e9gional de haut niveau portant sur l\u2019autonomisation des femmes a r\u00e9uni des participantes venues du B\u00e9nin, de la Gambie, \u00a0du S\u00e9n\u00e9gal, du Gabon, \u00a0du Maroc, de la France et de la C\u00f4te d\u2019Ivoire.<\/p>\n<\/div>\n<p>Auteur: APA News<br \/>\n<a href=\"https:\/\/www.journalducameroun.com\/plaidoyer-a-abidjan-pour-lacces-au-logement-des-femmes-rurales-africaines\/\">Cliquez ici pour lire l&rsquo;article depuis sa source.<\/a><\/p>\n","protected":false},"excerpt":{"rendered":"<p>Publi\u00e9 le 12.02.2020 \u00e0 21h18 par APA News Le s\u00e9minaire r\u00e9gional de haut niveau sur l\u2019autonomisation politique, socio\u00e9conomique et culturelle des femmes africaines s\u2019est achev\u00e9 mercredi \u00e0 Abidjan apr\u00e8s 72h de conclave avec pour r\u00e9solution majeure un plaidoyer pour l\u2019acc\u00e8s des femmes rurales africaines au logement en pr\u00e9sence de Moussa Diabat\u00e9, Directeur de cabinet adjoint [&hellip;]<\/p>\n","protected":false},"author":1965,"featured_media":0,"comment_status":"closed","ping_status":"closed","sticky":false,"template":"","format":"standard","meta":{"fifu_image_url":"","fifu_image_alt":"","footnotes":""},"categories":[73,82],"tags":[],"class_list":["post-75954","post","type-post","status-publish","format-standard","hentry","category-actualite","category-cameroun"],"_links":{"self":[{"href":"https:\/\/linitiative.ca\/International\/wp-json\/wp\/v2\/posts\/75954","targetHints":{"allow":["GET"]}}],"collection":[{"href":"https:\/\/linitiative.ca\/International\/wp-json\/wp\/v2\/posts"}],"about":[{"href":"https:\/\/linitiative.ca\/International\/wp-json\/wp\/v2\/types\/post"}],"author":[{"embeddable":true,"href":"https:\/\/linitiative.ca\/International\/wp-json\/wp\/v2\/users\/1965"}],"replies":[{"embeddable":true,"href":"https:\/\/linitiative.ca\/International\/wp-json\/wp\/v2\/comments?post=75954"}],"version-history":[{"count":0,"href":"https:\/\/linitiative.ca\/International\/wp-json\/wp\/v2\/posts\/75954\/revisions"}],"wp:attachment":[{"href":"https:\/\/linitiative.ca\/International\/wp-json\/wp\/v2\/media?parent=75954"}],"wp:term":[{"taxonomy":"category","embeddable":true,"href":"https:\/\/linitiative.ca\/International\/wp-json\/wp\/v2\/categories?post=75954"},{"taxonomy":"post_tag","embeddable":true,"href":"https:\/\/linitiative.ca\/International\/wp-json\/wp\/v2\/tags?post=75954"}],"curies":[{"name":"wp","href":"https:\/\/api.w.org\/{rel}","templated":true}]}}