{"id":75955,"date":"2020-02-12T15:18:05","date_gmt":"2020-02-12T20:18:05","guid":{"rendered":"https:\/\/linitiative.ca\/International\/le-nigeria-et-lethiopie-signent-un-accord-dexemption-de-visa\/"},"modified":"2020-02-12T15:18:05","modified_gmt":"2020-02-12T20:18:05","slug":"le-nigeria-et-lethiopie-signent-un-accord-dexemption-de-visa","status":"publish","type":"post","link":"https:\/\/linitiative.ca\/International\/le-nigeria-et-lethiopie-signent-un-accord-dexemption-de-visa\/","title":{"rendered":"Le Nigeria et l\u2019\u00c9thiopie signent un accord d\u2019exemption de visa"},"content":{"rendered":"<div readability=\"32\">\n<p>Publi\u00e9 le 12.02.2020 \u00e0 21h18 par APA News<\/p>\n<\/div>\n<div readability=\"77\">\n<p>Le Nigeria et l\u2019Ethiopie ont sign\u00e9 un accord d\u2019exemption de visa pour les titulaires de passeports diplomatiques et officiels, ainsi qu\u2019un protocole d\u2019accord sur la coop\u00e9ration dans le domaine de la d\u00e9fense.Mallam Garba Shehu, le conseiller sp\u00e9cial en communication du pr\u00e9sident qui a confirm\u00e9 les accords dans un communiqu\u00e9 re\u00e7u mercredi \u00e0 APA, a d\u00e9clar\u00e9 que le pr\u00e9sident Muhammadu Buhari et le Premier ministre Abiy Ahmed ont assist\u00e9 \u00e0 la signature de l\u2019accord \u00e0 Addis-Abeba.<\/p>\n<p>La signature a \u00e9t\u00e9 effectu\u00e9e par les ministres des Affaires \u00e9trang\u00e8res, Geoffrey Onyeama, et son homologue \u00e9thiopien, Gedu Andargachew, lors de la visite d\u2019\u00c9tat du dirigeant nig\u00e9rian.<\/p>\n<p>Auparavant, lors de sa rencontre avec le Premier ministre \u00e9thiopien, le pr\u00e9sident Buhari avait discut\u00e9 de la mani\u00e8re d\u2019explorer de nouveaux domaines de collaboration afin de renforcer et d\u2019\u00e9tendre la coop\u00e9ration bilat\u00e9rale entre le Nigeria et l\u2019\u00c9thiopie, dans l\u2019int\u00e9r\u00eat mutuel des deux pays.<\/p>\n<p>L\u2019accord d\u2019exemption de visa devrait faciliter les d\u00e9placements des fonctionnaires et contribuer \u00e0 renforcer davantage les relations bilat\u00e9rales.<\/p>\n<p>Le protocole d\u2019accord sur la coop\u00e9ration en mati\u00e8re de d\u00e9fense est important pour les deux pays dans la coordination des efforts de lutte contre le terrorisme et pour garantir la paix et la stabilit\u00e9 dans leur sous-r\u00e9gion respective, ainsi que sur le continent africain.<\/p>\n<p>Le protocole d\u2019accord renforcera \u00e9galement la coop\u00e9ration militaire bilat\u00e9rale dans les domaines de la formation et de l\u2019\u00e9ducation, de l\u2019assistance technique, de l\u2019\u00e9change de visites et du transfert de technologies de d\u00e9fense.<\/p>\n<p>Il pr\u00e9voit \u00e9galement une coop\u00e9ration sur les questions relatives aux op\u00e9rations de soutien de la paix dans le cadre des lois respectives des parties et sur une base r\u00e9ciproque.<\/p>\n<p>\u00ab Les deux parties ont convenu de conclure rapidement les n\u00e9gociations sur l\u2019accord bilat\u00e9ral r\u00e9vis\u00e9 sur les services a\u00e9riens et le protocole d\u2019accord sur la coop\u00e9ration culturelle. La conclusion de ces deux accords fournira de v\u00e9ritables plateformes pour approfondir les services de transport a\u00e9rien existants, le tourisme et les \u00e9changes culturels entre les deux pays \u00bb, souligne le communiqu\u00e9.<\/p>\n<\/div>\n<p>Auteur: APA News<br \/>\n<a href=\"https:\/\/www.journalducameroun.com\/le-nigeria-et-lethiopie-signent-un-accord-dexemption-de-visa\/\">Cliquez ici pour lire l&rsquo;article depuis sa source.<\/a><\/p>\n","protected":false},"excerpt":{"rendered":"<p>Publi\u00e9 le 12.02.2020 \u00e0 21h18 par APA News Le Nigeria et l\u2019Ethiopie ont sign\u00e9 un accord d\u2019exemption de visa pour les titulaires de passeports diplomatiques et officiels, ainsi qu\u2019un protocole d\u2019accord sur la coop\u00e9ration dans le domaine de la d\u00e9fense.Mallam Garba Shehu, le conseiller sp\u00e9cial en communication du pr\u00e9sident qui a confirm\u00e9 les accords dans [&hellip;]<\/p>\n","protected":false},"author":1965,"featured_media":0,"comment_status":"closed","ping_status":"closed","sticky":false,"template":"","format":"standard","meta":{"fifu_image_url":"","fifu_image_alt":"","footnotes":""},"categories":[73,82],"tags":[],"class_list":["post-75955","post","type-post","status-publish","format-standard","hentry","category-actualite","category-cameroun"],"_links":{"self":[{"href":"https:\/\/linitiative.ca\/International\/wp-json\/wp\/v2\/posts\/75955","targetHints":{"allow":["GET"]}}],"collection":[{"href":"https:\/\/linitiative.ca\/International\/wp-json\/wp\/v2\/posts"}],"about":[{"href":"https:\/\/linitiative.ca\/International\/wp-json\/wp\/v2\/types\/post"}],"author":[{"embeddable":true,"href":"https:\/\/linitiative.ca\/International\/wp-json\/wp\/v2\/users\/1965"}],"replies":[{"embeddable":true,"href":"https:\/\/linitiative.ca\/International\/wp-json\/wp\/v2\/comments?post=75955"}],"version-history":[{"count":0,"href":"https:\/\/linitiative.ca\/International\/wp-json\/wp\/v2\/posts\/75955\/revisions"}],"wp:attachment":[{"href":"https:\/\/linitiative.ca\/International\/wp-json\/wp\/v2\/media?parent=75955"}],"wp:term":[{"taxonomy":"category","embeddable":true,"href":"https:\/\/linitiative.ca\/International\/wp-json\/wp\/v2\/categories?post=75955"},{"taxonomy":"post_tag","embeddable":true,"href":"https:\/\/linitiative.ca\/International\/wp-json\/wp\/v2\/tags?post=75955"}],"curies":[{"name":"wp","href":"https:\/\/api.w.org\/{rel}","templated":true}]}}