{"id":75956,"date":"2020-02-12T15:50:07","date_gmt":"2020-02-12T20:50:07","guid":{"rendered":"https:\/\/linitiative.ca\/International\/en-avance-sur-son-temps-ou-trop-extreme-forces-et-faiblesses-de-bernie-sanders\/"},"modified":"2020-02-12T15:50:07","modified_gmt":"2020-02-12T20:50:07","slug":"en-avance-sur-son-temps-ou-trop-extreme-forces-et-faiblesses-de-bernie-sanders","status":"publish","type":"post","link":"https:\/\/linitiative.ca\/International\/en-avance-sur-son-temps-ou-trop-extreme-forces-et-faiblesses-de-bernie-sanders\/","title":{"rendered":"En avance sur son temps ou trop extr\u00eame? Forces et faiblesses de Bernie Sanders"},"content":{"rendered":"<div readability=\"32\">\n<p>Publi\u00e9 le 12.02.2020 \u00e0 21h50 par AFP<\/p>\n<\/div>\n<div readability=\"147\">\n<p>Battu de justesse dans la primaire de l\u2019Iowa, puis premier dans le New Hampshire, Bernie Sanders est l\u2019un des grands favoris pour la course \u00e0 l\u2019investiture d\u00e9mocrate.<\/p>\n<p>A 78 ans, apr\u00e8s bient\u00f4t 30 ans comme \u00e9lu au Congr\u00e8s, ce s\u00e9nateur farouchement ind\u00e9pendant, socialiste revendiqu\u00e9, a prouv\u00e9 qu\u2019il pouvait enthousiasmer la jeunesse et terroriser Wall Street. Voici ses principales forces et faiblesses.<\/p>\n<p>+FORCES<\/p>\n<p>\u2013 En avance sur son temps<\/p>\n<p>Bernie Sanders d\u00e9fend les droits des travailleurs et d\u00e9nonce un syst\u00e8me con\u00e7u pour les riches depuis les ann\u00e9es 70. Il a fait des in\u00e9galit\u00e9s, de l\u2019augmentation du salaire minimum, d\u2019une s\u00e9curit\u00e9 sociale sur le mod\u00e8le europ\u00e9en un leitmotiv depuis 40 ans, alors que ses rivaux et le parti d\u00e9mocrate ne se sont empar\u00e9s de ces th\u00e8mes que r\u00e9cemment.<\/p>\n<p>\u00ab\u00a0Il attire l\u2019attention sur des in\u00e9galit\u00e9s \u00e9conomiques croissantes et les lie \u00e0 des principes basiques d\u2019\u00e9quit\u00e9 qui clairement r\u00e9sonnent chez les gens\u00a0\u00bb, dit Costas Panagopoulos, professeur \u00e0 Northeastern University.<\/p>\n<p>-Base d\u00e9vou\u00e9e<\/p>\n<p>Cette constance vaut au s\u00e9nateur ind\u00e9pendant du Vermont le soutien d\u2019une base \u00ab\u00a0tr\u00e8s d\u00e9vou\u00e9e\u00a0\u00bb, souligne David Barker, politologue \u00e0 l\u2019American University de Washington, comparable au noyau de fid\u00e8les dont b\u00e9n\u00e9ficie Donald Trump, selon M. Panagopoulos.<\/p>\n<p>Faite surtout de jeunes blancs lors de sa premi\u00e8re campagne pr\u00e9sidentielle en 2015-2016, cette base s\u2019est diversifi\u00e9e depuis pour inclure beaucoup plus d\u2019\u00e9lecteurs noirs ou hispaniques, tr\u00e8s importants pour le camp d\u00e9mocrate.<\/p>\n<p>Ses partisans peuvent \u00eatre redoutables, comme lorsqu\u2019ils attaquent les critiques de Bernie Sanders sur les r\u00e9seaux sociaux. Ou tr\u00e8s g\u00e9n\u00e9reux, eux qui ont permis \u00e0 Bernie Sanders de b\u00e9n\u00e9ficier d\u2019un record de donations individuelles depuis le d\u00e9but de sa campagne (121 millions de dollars).<\/p>\n<p>\u2013 D\u00e9batteur aguerri<\/p>\n<p>Depuis 40 ans qu\u2019il d\u00e9fend ses id\u00e9es \u00ab\u00a0socialistes\u00a0\u00bb, dont pr\u00e8s de 30 ans comme \u00e9lu au Congr\u00e8s, Bernie Sanders a peaufin\u00e9 ses arguments.<\/p>\n<p>Avec sa d\u00e9nonciation de Wall Street et de l\u2019\u00e9lite des \u00ab\u00a01%\u00a0\u00bb, son appel \u00e0 changer \u00ab\u00a0un syst\u00e8me corrompu\u00a0\u00bb, sa pr\u00e9sentation p\u00e9dagogique du co\u00fbt du syst\u00e8me de sant\u00e9 priv\u00e9 am\u00e9ricain ou de la dette \u00e9tudiante, il est un d\u00e9batteur aguerri et un bon communicateur qui ne reculera pas devant Donald Trump, soulignent M. Panagopoulos et M. Barker.<\/p>\n<p>+FAIBLESSES<\/p>\n<p>\u2013 Trop extr\u00eame<\/p>\n<p>Donald Trump a beau jeu de traiter ce socialiste revendiqu\u00e9 de \u00ab\u00a0communiste\u00a0\u00bb, un \u00e9pouvantail pour beaucoup d\u2019Am\u00e9ricains.<\/p>\n<p>M\u00eame si ses id\u00e9es ont gagn\u00e9 du terrain, Bernie Sanders, qui d\u00e9fendit les r\u00e9gimes sandiniste et castriste dans les ann\u00e9es 80 avant de les qualifier de dictatures, est \u00ab\u00a0id\u00e9ologiquement beaucoup plus \u00e0 gauche que l\u2019\u00e9lecteur moyen\u00a0\u00bb am\u00e9ricain, souligne David Barker. \u00ab\u00a0Il ne peut pas gagner dans un duel contre un mod\u00e9r\u00e9\u00a0\u00bb, sauf \u00ab\u00a0si plusieurs candidats mod\u00e9r\u00e9s divisent cet \u00e9lectorat\u00a0\u00bb, affirme cet analyste.<\/p>\n<p>S\u2019il emportait l\u2019investiture, les d\u00e9mocrates auraient \u00ab\u00a0plus de mal\u00a0\u00bb \u00e0 se rassembler autour de lui qu\u2019autour de n\u2019importe quel autre candidat, estime aussi M. Panagopoulos.<\/p>\n<p>\u2013 Rigide<\/p>\n<p>Il est aussi per\u00e7u comme \u00ab\u00a0absolutiste\u00a0\u00bb, \u00ab\u00a0rigide\u00a0\u00bb et r\u00e9fractaire aux compromis, ce qui laisse douter de sa capacit\u00e9 \u00e0 obtenir des r\u00e9sultats s\u2019il est \u00e9lu, dit M. Panagopoulos.<\/p>\n<p>Si son ind\u00e9pendance \u2013 il n\u2019a jamais \u00e9t\u00e9 membre du parti d\u00e9mocrate \u2013 est un atout pour sa base, cela \u00ab\u00a0passe mal aupr\u00e8s d\u2019une partie de l\u2019\u00e9lectorat d\u00e9mocrate\u00a0\u00bb, dit cet analyste.<\/p>\n<p>Tous ceux qui le connaissent le d\u00e9crivent aussi comme bougon, volontiers irascible. \u00ab\u00a0Son temp\u00e9rament col\u00e9rique est rebutant pour de nombreux \u00e9lecteurs ind\u00e9cis\u00a0\u00bb, affirme M. Barker.<\/p>\n<p>-78 ans et cardiaque<\/p>\n<p>S\u2019il est \u00e9lu, Bernie Sanders aurait 79 ans le jour de son arriv\u00e9e \u00e0 la Maison Blanche, ce qui en ferait le plus vieux des pr\u00e9sidents am\u00e9ricains \u00e0 sa prise de fonctions.<\/p>\n<p>Son \u00e2ge a \u00e9t\u00e9 mis en \u00e9vidence malgr\u00e9 lui en octobre lorsqu\u2019il a \u00e9t\u00e9 victime d\u2019une crise cardiaque, qui l\u2019a forc\u00e9 \u00e0 temporairement suspendre sa campagne.<\/p>\n<p>Depuis, le s\u00e9nateur a repris les meetings \u00e0 un rythme soutenu et semble en pleine forme. Mais si le mod\u00e9r\u00e9 Pete Buttigieg, ancien maire de l\u2019Indiana de 38 ans, s\u2019imposait comme son rival principal pour l\u2019investiture, beaucoup pensent que le contraste ne serait pas \u00e0 son avantage.<\/p>\n<\/div>\n<p>Auteur: AFP<br \/>\n<a href=\"https:\/\/www.journalducameroun.com\/en-avance-sur-son-temps-ou-trop-extreme-forces-et-faiblesses-de-bernie-sanders\/\">Cliquez ici pour lire l&rsquo;article depuis sa source.<\/a><\/p>\n","protected":false},"excerpt":{"rendered":"<p>Publi\u00e9 le 12.02.2020 \u00e0 21h50 par AFP Battu de justesse dans la primaire de l\u2019Iowa, puis premier dans le New Hampshire, Bernie Sanders est l\u2019un des grands favoris pour la course \u00e0 l\u2019investiture d\u00e9mocrate. A 78 ans, apr\u00e8s bient\u00f4t 30 ans comme \u00e9lu au Congr\u00e8s, ce s\u00e9nateur farouchement ind\u00e9pendant, socialiste revendiqu\u00e9, a prouv\u00e9 qu\u2019il pouvait [&hellip;]<\/p>\n","protected":false},"author":1965,"featured_media":0,"comment_status":"closed","ping_status":"closed","sticky":false,"template":"","format":"standard","meta":{"fifu_image_url":"","fifu_image_alt":"","footnotes":""},"categories":[73,82],"tags":[],"class_list":["post-75956","post","type-post","status-publish","format-standard","hentry","category-actualite","category-cameroun"],"_links":{"self":[{"href":"https:\/\/linitiative.ca\/International\/wp-json\/wp\/v2\/posts\/75956","targetHints":{"allow":["GET"]}}],"collection":[{"href":"https:\/\/linitiative.ca\/International\/wp-json\/wp\/v2\/posts"}],"about":[{"href":"https:\/\/linitiative.ca\/International\/wp-json\/wp\/v2\/types\/post"}],"author":[{"embeddable":true,"href":"https:\/\/linitiative.ca\/International\/wp-json\/wp\/v2\/users\/1965"}],"replies":[{"embeddable":true,"href":"https:\/\/linitiative.ca\/International\/wp-json\/wp\/v2\/comments?post=75956"}],"version-history":[{"count":0,"href":"https:\/\/linitiative.ca\/International\/wp-json\/wp\/v2\/posts\/75956\/revisions"}],"wp:attachment":[{"href":"https:\/\/linitiative.ca\/International\/wp-json\/wp\/v2\/media?parent=75956"}],"wp:term":[{"taxonomy":"category","embeddable":true,"href":"https:\/\/linitiative.ca\/International\/wp-json\/wp\/v2\/categories?post=75956"},{"taxonomy":"post_tag","embeddable":true,"href":"https:\/\/linitiative.ca\/International\/wp-json\/wp\/v2\/tags?post=75956"}],"curies":[{"name":"wp","href":"https:\/\/api.w.org\/{rel}","templated":true}]}}