{"id":75957,"date":"2020-02-12T15:50:09","date_gmt":"2020-02-12T20:50:09","guid":{"rendered":"https:\/\/linitiative.ca\/International\/ebola-en-rdc-loms-prolonge-lurgence-internationale-malgre-des-progres\/"},"modified":"2020-02-12T15:50:09","modified_gmt":"2020-02-12T20:50:09","slug":"ebola-en-rdc-loms-prolonge-lurgence-internationale-malgre-des-progres","status":"publish","type":"post","link":"https:\/\/linitiative.ca\/International\/ebola-en-rdc-loms-prolonge-lurgence-internationale-malgre-des-progres\/","title":{"rendered":"Ebola en RDC: l\u2019OMS prolonge l\u2019urgence internationale, malgr\u00e9 des progr\u00e8s\u00a0"},"content":{"rendered":"<div readability=\"32\">\n<p>Publi\u00e9 le 12.02.2020 \u00e0 21h50 par AFP<\/p>\n<\/div>\n<div readability=\"113\">\n<p>L\u2019OMS a prolong\u00e9 mercredi la qualification de l\u2019\u00e9pid\u00e9mie d\u2019Ebola en R\u00e9publique d\u00e9mocratique du Congo comme une urgence internationale, malgr\u00e9 une chute r\u00e9cente du nombre de cas jug\u00e9e \u00ab\u00a0extr\u00eamement positive\u00a0\u00bb et une r\u00e9vision en baisse du niveau de la menace.<\/p>\n<p>\u00ab\u00a0L\u2019\u00e9pid\u00e9mie doit continuer d\u2019\u00eatre une urgence de sant\u00e9 publique internationale\u00a0\u00bb, a d\u00e9clar\u00e9 \u00e0 la presse le directeur g\u00e9n\u00e9ral de l\u2019OMS Tedros Adhanom Gebreyesus, \u00e0 l\u2019issue d\u2019une r\u00e9union de sp\u00e9cialistes de la maladie \u00e0 Gen\u00e8ve.<\/p>\n<p>\u00ab\u00a0Tant qu\u2019il y aura encore un seul cas d\u2019Ebola dans une r\u00e9gion dangereuse et instable comme l\u2019est de la RDC, le potentiel existe pour une \u00e9pid\u00e9mie bien plus grande\u00a0\u00bb, a ajout\u00e9 le Dr Tedros.<\/p>\n<p>Il a esp\u00e9r\u00e9 que ce statut d\u2019urgence puisse \u00eatre lev\u00e9 dans trois mois, \u00e0 l\u2019occasion d\u2019un nouvel avis du comit\u00e9 d\u2019experts internationaux de cette maladie.<\/p>\n<p>Le pr\u00e9sident de ce comit\u00e9, Robert Steffen, a indiqu\u00e9 de son c\u00f4t\u00e9 que la menace constitu\u00e9e par l\u2019\u00e9pid\u00e9mie en RDC et dans la r\u00e9gion \u00e9tait pass\u00e9e du niveau \u00ab\u00a0tr\u00e8s \u00e9l\u00e9v\u00e9\u00a0\u00bb \u00e0 \u00ab\u00a0\u00e9lev\u00e9\u00a0\u00bb en raison des progr\u00e8s enregistr\u00e9s, m\u00eame si l\u2019urgence internationale \u00e9tait maintenue.<\/p>\n<p>L\u2019OMS avait adopt\u00e9 cette qualification d\u2019urgence de port\u00e9e internationale en juillet dernier pour cette \u00e9pid\u00e9mie, un d\u00e9cision r\u00e9guli\u00e8rement soumise \u00e0 un comit\u00e9 de sp\u00e9cialistes.<\/p>\n<p>Elle permet \u00e0 l\u2019OMS de prendre des mesures renforc\u00e9es en mati\u00e8re de restrictions aux voyages ou de lev\u00e9e de fonds.<\/p>\n<p>L\u2019\u00e9pid\u00e9mie d\u2019Ebola s\u2019est d\u00e9clar\u00e9e en ao\u00fbt 2018 dans la localit\u00e9 de Mangina, et s\u00e9vit dans les r\u00e9gions du Nord-Kivu et de l\u2019Ituri. Environ 2.300 d\u00e9c\u00e8s ont \u00e9t\u00e9 enregistr\u00e9s.<\/p>\n<p>Le Dr Tedros s\u2019\u00e9tait d\u00e9clar\u00e9 mardi \u00ab\u00a0tr\u00e8s encourag\u00e9\u00a0\u00bb par \u00ab\u00a0la tendance \u00e0 la baisse\u00a0\u00bb des cas enregistr\u00e9s au cours des derniers jours tout en restant prudent sur l\u2019avenir.<\/p>\n<p>\u00ab\u00a0Tant que nous n\u2019avons pas de cas pendant 42 jours, ce n\u2019est pas fini\u00a0\u00bb, avait-t-il soulign\u00e9, en r\u00e9f\u00e9rence \u00e0 la p\u00e9riode de s\u00fbret\u00e9 correspondant \u00e0 deux fois la dur\u00e9e d\u2019incubation.<\/p>\n<p>Le chef de l\u2019OMS a indiqu\u00e9 qu\u2019il se rendrait en RDC jeudi pour rencontrer le pr\u00e9sident F\u00e9lix Tshisekedi et parler notamment du renforcement du syst\u00e8me de sant\u00e9 du pays.<\/p>\n<p>\u2013 Ins\u00e9curit\u00e9 \u2013<\/p>\n<p>La qualification en juillet avait \u00e9t\u00e9 d\u00e9cid\u00e9e apr\u00e8s le diagnostic d\u2019un patient atteint du virus dans la ville de Goma, premier cas dans un grand centre urbain.<\/p>\n<p>La lutte contre la maladie est r\u00e9guli\u00e8rement perturb\u00e9 par l\u2019ins\u00e9curit\u00e9 due \u00e0 des violences arm\u00e9es dans les provinces de Beni et de l\u2019Ituri.<\/p>\n<p>En novembre, l\u2019OMS avait annonc\u00e9 avoir d\u00fb retirer 49 de ses personnels de la r\u00e9gion de Beni en raison de l\u2019ins\u00e9curit\u00e9.<\/p>\n<p>La r\u00e9sistance d\u2019une partie des populations (d\u00e9ni de la maladie, refus de la vaccination, de l\u2019hospitalisation des proches contamin\u00e9s et des enterrements) complique \u00e9galement la t\u00e2che des travailleurs humanitaires.<\/p>\n<p>Cette \u00e9pid\u00e9mie en RDC est la plus grave de l\u2019histoire d\u2019Ebola depuis celle ayant touch\u00e9 l\u2019Afrique de l\u2019Ouest \u2013 principalement la Guin\u00e9e, le Liberia et la Sierra Leone \u2013 entre fin 2013 et 2016.<\/p>\n<p>Le virus a \u00e9t\u00e9 identifi\u00e9 en 1976 en Afrique centrale.<\/p>\n<p>Transmissible par le sang, les fluides corporels, les s\u00e9cr\u00e9tions ou les organes d\u2019un malade o\u00f9 d\u2019une personne r\u00e9cemment d\u00e9c\u00e9d\u00e9e, son taux de mortalit\u00e9 est particuli\u00e8rement \u00e9lev\u00e9, jusqu\u2019\u00e0 90% pour certaines \u00e9pid\u00e9mies selon l\u2019OMS .<\/p>\n<\/div>\n<p>Auteur: AFP<br \/>\n<a href=\"https:\/\/www.journalducameroun.com\/ebola-en-rdc-loms-prolonge-lurgence-internationale-malgre-des-progres\/\">Cliquez ici pour lire l&rsquo;article depuis sa source.<\/a><\/p>\n","protected":false},"excerpt":{"rendered":"<p>Publi\u00e9 le 12.02.2020 \u00e0 21h50 par AFP L\u2019OMS a prolong\u00e9 mercredi la qualification de l\u2019\u00e9pid\u00e9mie d\u2019Ebola en R\u00e9publique d\u00e9mocratique du Congo comme une urgence internationale, malgr\u00e9 une chute r\u00e9cente du nombre de cas jug\u00e9e \u00ab\u00a0extr\u00eamement positive\u00a0\u00bb et une r\u00e9vision en baisse du niveau de la menace. \u00ab\u00a0L\u2019\u00e9pid\u00e9mie doit continuer d\u2019\u00eatre une urgence de sant\u00e9 publique [&hellip;]<\/p>\n","protected":false},"author":1965,"featured_media":0,"comment_status":"closed","ping_status":"closed","sticky":false,"template":"","format":"standard","meta":{"fifu_image_url":"","fifu_image_alt":"","footnotes":""},"categories":[73,82],"tags":[],"class_list":["post-75957","post","type-post","status-publish","format-standard","hentry","category-actualite","category-cameroun"],"_links":{"self":[{"href":"https:\/\/linitiative.ca\/International\/wp-json\/wp\/v2\/posts\/75957","targetHints":{"allow":["GET"]}}],"collection":[{"href":"https:\/\/linitiative.ca\/International\/wp-json\/wp\/v2\/posts"}],"about":[{"href":"https:\/\/linitiative.ca\/International\/wp-json\/wp\/v2\/types\/post"}],"author":[{"embeddable":true,"href":"https:\/\/linitiative.ca\/International\/wp-json\/wp\/v2\/users\/1965"}],"replies":[{"embeddable":true,"href":"https:\/\/linitiative.ca\/International\/wp-json\/wp\/v2\/comments?post=75957"}],"version-history":[{"count":0,"href":"https:\/\/linitiative.ca\/International\/wp-json\/wp\/v2\/posts\/75957\/revisions"}],"wp:attachment":[{"href":"https:\/\/linitiative.ca\/International\/wp-json\/wp\/v2\/media?parent=75957"}],"wp:term":[{"taxonomy":"category","embeddable":true,"href":"https:\/\/linitiative.ca\/International\/wp-json\/wp\/v2\/categories?post=75957"},{"taxonomy":"post_tag","embeddable":true,"href":"https:\/\/linitiative.ca\/International\/wp-json\/wp\/v2\/tags?post=75957"}],"curies":[{"name":"wp","href":"https:\/\/api.w.org\/{rel}","templated":true}]}}