{"id":75959,"date":"2020-02-12T09:03:16","date_gmt":"2020-02-12T14:03:16","guid":{"rendered":"https:\/\/linitiative.ca\/International\/un-indice-de-developpement-local-pour-plus-dequite\/"},"modified":"2020-02-12T09:03:16","modified_gmt":"2020-02-12T14:03:16","slug":"un-indice-de-developpement-local-pour-plus-dequite","status":"publish","type":"post","link":"https:\/\/linitiative.ca\/International\/un-indice-de-developpement-local-pour-plus-dequite\/","title":{"rendered":"Un indice de d\u00e9veloppement local pour plus d\u2019\u00e9quit\u00e9"},"content":{"rendered":"<p>Les communes disposent d\u00e9sormais d\u2019un outil pertinent de mesure de leurs besoins. L\u2019indice de d\u00e9veloppement local (IDL), adopt\u00e9 le 7 ao\u00fbt 2018 par le Conseil national de la D\u00e9centralisation (CND), devrait entrer en vigueur cette ann\u00e9e. L\u2019IDL repose sur 36 indicateurs r\u00e9partis en 7 domaines du d\u00e9veloppement local, \u00e0 travers une analyse du cadre juridique national, combin\u00e9e \u00e0 celle du Document de Strat\u00e9gie pour la Croissance et l\u2019Emploi (DSCE) et des Objectifs du D\u00e9veloppement Durable (ODD) auxquels le Cameroun a souscrit. Pour son op\u00e9rationnalisation, une application informatique a \u00e9t\u00e9 d\u00e9velopp\u00e9e [en vue de calculer cet indice, NDLR] et un plan de renforcement des capacit\u00e9s des communes en production des statistiques est pr\u00e9vu.<\/p>\n<p>Au Fonds sp\u00e9cial d\u2019\u00e9quipement et d\u2019intervention intercommunale (Feicom), l\u2019on pr\u00e9cise que l\u2019IDL est un outil de mesure unique et \u00e9volutive du bien-\u00eatre de la population d\u2019un territoire donn\u00e9, obtenue \u00e0 partir de la mesure synth\u00e9tique de l\u2019existence de certains biens et services et de leur appropriation par ladite population. Sous cet angle, il apparait comme un crit\u00e8re efficace et efficient dans le cadre de l\u2019affectation des ressources aux collectivit\u00e9s pour le d\u00e9veloppement harmonieux et \u00e9quilibr\u00e9 de l\u2019ensemble du territoire.<\/p>\n<p><strong>Actions de d\u00e9veloppement<\/strong><\/p>\n<p>L\u2019adoption de l\u2019IDL s\u2019inscrit dans le cadre de l\u2019acc\u00e9l\u00e9ration du processus de d\u00e9centralisation. Cet outil a \u00e9t\u00e9 con\u00e7u pour mieux \u00e9valuer la port\u00e9e et les impacts des actions de d\u00e9veloppement sur les populations locales, s\u2019assurer que les interventions gouvernementales ciblent les territoires les plus n\u00e9cessiteux, et identifier le niveau de d\u00e9veloppement des territoires. Les domaines de mesure de l\u2019Indice, auxquels sont associ\u00e9s des indicateurs, ont \u00e9t\u00e9 class\u00e9s par les populations et les experts dans l\u2019ordre suivant : l\u2019\u00e9ducation, la sant\u00e9, l\u2019eau et l\u2019assainissement, l\u2019\u00e9nergie, le transport et les infrastructures de communication et de t\u00e9l\u00e9communications, le logement, l\u2019\u00e9conomie locale et la gouvernance.<\/p>\n<p>Selon l\u2019Institut National de la Statistique (INS), les simulations faites dans les communes de Douala 3e, Mayo-Darl\u00e9, Kumba 1er et Nguelemendouka ont montr\u00e9 que les dotations sont bien utilis\u00e9es et les effets sur la population visible. D\u2019apr\u00e8s les sp\u00e9cialistes, l\u2019Indice de D\u00e9veloppement Local va permettre au gouvernement d\u2019assurer un d\u00e9veloppement harmonieux et \u00e9quilibr\u00e9 des terroirs et de disposer d\u2019outils compl\u00e9mentaires permettant une allocation \u00e9quitable des ressources aux terroirs les plus n\u00e9cessiteux. Le directeur g\u00e9n\u00e9ral du Feicom, Philippe Camille Akoa, souligne l\u2019approche participative qui a accompagn\u00e9 l\u2019\u00e9laboration de l\u2019Indice de D\u00e9veloppement Local dont une premi\u00e8re mouture du document avait d\u00e9j\u00e0 \u00e9t\u00e9 examin\u00e9e lors de la session du Conseil national de la D\u00e9centralisation de d\u00e9cembre 2015.<\/p>\n<div class=\"sharedaddy sd-sharing-enabled robots-nocontent sd-block sd-social sd-social-icon-text sd-sharing\">\n<h3 class=\"sd-title\">Partager\u00a0:<\/h3>\n<\/div>\n<p><h3 class=\"jp-relatedposts-headline\"><em>Articles similaires<\/em><\/h3>\n<\/p>\n<p>Auteur: Joel Abissek<br \/>\n<a href=\"https:\/\/ecomatin.net\/un-indice-de-developpement-local-pour-plus-dequite\/\">Cliquez ici pour lire l&rsquo;article depuis sa source.<\/a><\/p>\n","protected":false},"excerpt":{"rendered":"<p>Les communes disposent d\u00e9sormais d\u2019un outil pertinent de mesure de leurs besoins. L\u2019indice de d\u00e9veloppement local (IDL), adopt\u00e9 le 7 ao\u00fbt 2018 par le Conseil national de la D\u00e9centralisation (CND), devrait entrer en vigueur cette ann\u00e9e. L\u2019IDL repose sur 36 indicateurs r\u00e9partis en 7 domaines du d\u00e9veloppement local, \u00e0 travers une analyse du cadre juridique [&hellip;]<\/p>\n","protected":false},"author":1969,"featured_media":0,"comment_status":"closed","ping_status":"closed","sticky":false,"template":"","format":"standard","meta":{"fifu_image_url":"","fifu_image_alt":"","footnotes":""},"categories":[82,78],"tags":[],"class_list":["post-75959","post","type-post","status-publish","format-standard","hentry","category-cameroun","category-economie"],"_links":{"self":[{"href":"https:\/\/linitiative.ca\/International\/wp-json\/wp\/v2\/posts\/75959","targetHints":{"allow":["GET"]}}],"collection":[{"href":"https:\/\/linitiative.ca\/International\/wp-json\/wp\/v2\/posts"}],"about":[{"href":"https:\/\/linitiative.ca\/International\/wp-json\/wp\/v2\/types\/post"}],"author":[{"embeddable":true,"href":"https:\/\/linitiative.ca\/International\/wp-json\/wp\/v2\/users\/1969"}],"replies":[{"embeddable":true,"href":"https:\/\/linitiative.ca\/International\/wp-json\/wp\/v2\/comments?post=75959"}],"version-history":[{"count":0,"href":"https:\/\/linitiative.ca\/International\/wp-json\/wp\/v2\/posts\/75959\/revisions"}],"wp:attachment":[{"href":"https:\/\/linitiative.ca\/International\/wp-json\/wp\/v2\/media?parent=75959"}],"wp:term":[{"taxonomy":"category","embeddable":true,"href":"https:\/\/linitiative.ca\/International\/wp-json\/wp\/v2\/categories?post=75959"},{"taxonomy":"post_tag","embeddable":true,"href":"https:\/\/linitiative.ca\/International\/wp-json\/wp\/v2\/tags?post=75959"}],"curies":[{"name":"wp","href":"https:\/\/api.w.org\/{rel}","templated":true}]}}