{"id":75960,"date":"2020-02-12T09:52:40","date_gmt":"2020-02-12T14:52:40","guid":{"rendered":"https:\/\/linitiative.ca\/International\/le-rdpc-designe-ses-avocats-pour-le-contentieux-electoral\/"},"modified":"2020-02-12T09:52:40","modified_gmt":"2020-02-12T14:52:40","slug":"le-rdpc-designe-ses-avocats-pour-le-contentieux-electoral","status":"publish","type":"post","link":"https:\/\/linitiative.ca\/International\/le-rdpc-designe-ses-avocats-pour-le-contentieux-electoral\/","title":{"rendered":"Le Rdpc d\u00e9signe ses avocats pour le contentieux \u00e9lectoral"},"content":{"rendered":"<div class=\"featured-area featured-area-inner\" readability=\"8\"><img loading=\"lazy\" decoding=\"async\" width=\"592\" height=\"296\" src=\"https:\/\/i2.wp.com\/ecomatin.net\/wp-content\/uploads\/2020\/02\/Gr\u00e9goire-Owona.jpg?resize=592%2C296&#038;ssl=1&#038;is-pending-load=1\" class=\"attachment-jannah-image-post size-jannah-image-post wp-post-image jetpack-lazy-image\" alt=\"\" data-lazy-srcset=\"https:\/\/i2.wp.com\/ecomatin.net\/wp-content\/uploads\/2020\/02\/Gr\u00e9goire-Owona.jpg?w=592&#038;ssl=1 592w, https:\/\/i2.wp.com\/ecomatin.net\/wp-content\/uploads\/2020\/02\/Gr\u00e9goire-Owona.jpg?resize=300%2C150&#038;ssl=1 300w\" data-lazy-sizes=\"(max-width: 592px) 100vw, 592px\" srcset=\"data:image\/gif;base64,R0lGODlhAQABAIAAAAAAAP\/\/\/yH5BAEAAAAALAAAAAABAAEAAAIBRAA7\"\/> Gr\u00e9goire Owona, Mandataire d\u00e9l\u00e9gu\u00e9 du RDPC au contentieux post-\u00e9lectoral<\/div>\n<div class=\"entry-content entry clearfix\" readability=\"56.3628912072\">\n<p>Alors que les r\u00e9sultats des \u00e9lections l\u00e9gislatives et municipales ne sont pas encore proclam\u00e9s par Elections Cameroon (Elecam), le Rassemblement D\u00e9mocratique du Peuple Camerounais (RDPC) est d\u00e9j\u00e0 pr\u00eat pour le contentieux post-\u00e9lectoral.<\/p>\n<p>C\u2019est du moins ce que montre une correspondance du secr\u00e9taire g\u00e9n\u00e9ral du Comit\u00e9 central de cette formation politique en date du 10 f\u00e9vrier 2020, et adress\u00e9e au pr\u00e9sident du Conseil constitutionnel. Jean Nku\u00e9t\u00e9 \u00e9crit en effet \u00e0 Cl\u00e9ment Atangana pour lui faire connaitre la liste des avocats qui vont d\u00e9fendre les int\u00e9r\u00eats du parti et ses candidats lors du contentieux post-\u00e9lectoral.<\/p>\n<p>Le SG du comit\u00e9 central du RDPC informe que ce coll\u00e8ge, constitu\u00e9 de 8 avocats, sera encadr\u00e9 par Gr\u00e9goire Owona, secr\u00e9taire g\u00e9n\u00e9ral adjoint du comit\u00e9 central, et mandataire d\u00e9l\u00e9gu\u00e9 du parti. Il est assist\u00e9 du Pr. Elvis Ngolle Ngolle, ainsi que de Beno\u00eet Ndong Soumeth et Njiemoun Mama.<\/p>\n<p>Rappelons que 6,8 millions de camerounais \u00e9taient attendus dimanche 9 f\u00e9vrier dans le cadre d\u2019un double scrutin pour le renouvellement des 180 membres de l\u2019Assembl\u00e9e nationale et des membres des conseils municipaux des 366 communes du pays. Avant publication d\u00e9finitive des r\u00e9sultats, il faudra r\u00e9gler le contentieux post-\u00e9lectoral.<\/p>\n<div class=\"sharedaddy sd-sharing-enabled robots-nocontent sd-block sd-social sd-social-icon-text sd-sharing\">\n<h3 class=\"sd-title\">Partager\u00a0:<\/h3>\n<\/div>\n<p><h3 class=\"jp-relatedposts-headline\"><em>Articles similaires<\/em><\/h3>\n<\/p>\n<\/div>\n<div class=\"toggle-post-content clearfix\"><a id=\"toggle-post-button\" class=\"button\" href=\"#\">Afficher plus <\/a><\/div>\n<p>Auteur: Serges Bontsebe<br \/>\n<a href=\"https:\/\/ecomatin.net\/le-rdpc-designe-ses-avocats-pour-le-contentieux-electoral\/\">Cliquez ici pour lire l&rsquo;article depuis sa source.<\/a><\/p>\n","protected":false},"excerpt":{"rendered":"<p>Gr\u00e9goire Owona, Mandataire d\u00e9l\u00e9gu\u00e9 du RDPC au contentieux post-\u00e9lectoral Alors que les r\u00e9sultats des \u00e9lections l\u00e9gislatives et municipales ne sont pas encore proclam\u00e9s par Elections Cameroon (Elecam), le Rassemblement D\u00e9mocratique du Peuple Camerounais (RDPC) est d\u00e9j\u00e0 pr\u00eat pour le contentieux post-\u00e9lectoral. C\u2019est du moins ce que montre une correspondance du secr\u00e9taire g\u00e9n\u00e9ral du Comit\u00e9 central [&hellip;]<\/p>\n","protected":false},"author":1969,"featured_media":0,"comment_status":"closed","ping_status":"closed","sticky":false,"template":"","format":"standard","meta":{"fifu_image_url":"","fifu_image_alt":"","footnotes":""},"categories":[82,78],"tags":[],"class_list":["post-75960","post","type-post","status-publish","format-standard","hentry","category-cameroun","category-economie"],"_links":{"self":[{"href":"https:\/\/linitiative.ca\/International\/wp-json\/wp\/v2\/posts\/75960","targetHints":{"allow":["GET"]}}],"collection":[{"href":"https:\/\/linitiative.ca\/International\/wp-json\/wp\/v2\/posts"}],"about":[{"href":"https:\/\/linitiative.ca\/International\/wp-json\/wp\/v2\/types\/post"}],"author":[{"embeddable":true,"href":"https:\/\/linitiative.ca\/International\/wp-json\/wp\/v2\/users\/1969"}],"replies":[{"embeddable":true,"href":"https:\/\/linitiative.ca\/International\/wp-json\/wp\/v2\/comments?post=75960"}],"version-history":[{"count":0,"href":"https:\/\/linitiative.ca\/International\/wp-json\/wp\/v2\/posts\/75960\/revisions"}],"wp:attachment":[{"href":"https:\/\/linitiative.ca\/International\/wp-json\/wp\/v2\/media?parent=75960"}],"wp:term":[{"taxonomy":"category","embeddable":true,"href":"https:\/\/linitiative.ca\/International\/wp-json\/wp\/v2\/categories?post=75960"},{"taxonomy":"post_tag","embeddable":true,"href":"https:\/\/linitiative.ca\/International\/wp-json\/wp\/v2\/tags?post=75960"}],"curies":[{"name":"wp","href":"https:\/\/api.w.org\/{rel}","templated":true}]}}