{"id":75961,"date":"2020-02-12T10:21:59","date_gmt":"2020-02-12T15:21:59","guid":{"rendered":"https:\/\/linitiative.ca\/International\/mifi-le-rdpc-conteste-la-victoire-du-sdf-a-bafoussam-1er\/"},"modified":"2020-02-12T10:21:59","modified_gmt":"2020-02-12T15:21:59","slug":"mifi-le-rdpc-conteste-la-victoire-du-sdf-a-bafoussam-1er","status":"publish","type":"post","link":"https:\/\/linitiative.ca\/International\/mifi-le-rdpc-conteste-la-victoire-du-sdf-a-bafoussam-1er\/","title":{"rendered":"Mifi : le Rdpc conteste la victoire du SDF \u00e0 Bafoussam 1er"},"content":{"rendered":"<div class=\"featured-area featured-area-inner\"><img loading=\"lazy\" decoding=\"async\" width=\"478\" height=\"336\" src=\"https:\/\/i1.wp.com\/ecomatin.net\/wp-content\/uploads\/2020\/02\/Baffoussam-1er.png?resize=478%2C336&#038;ssl=1&#038;is-pending-load=1\" class=\"attachment-jannah-image-post size-jannah-image-post wp-post-image jetpack-lazy-image\" alt=\"\" data-lazy-srcset=\"https:\/\/i1.wp.com\/ecomatin.net\/wp-content\/uploads\/2020\/02\/Baffoussam-1er.png?w=478&#038;ssl=1 478w, https:\/\/i1.wp.com\/ecomatin.net\/wp-content\/uploads\/2020\/02\/Baffoussam-1er.png?resize=300%2C211&#038;ssl=1 300w\" data-lazy-sizes=\"(max-width: 478px) 100vw, 478px\" srcset=\"data:image\/gif;base64,R0lGODlhAQABAIAAAAAAAP\/\/\/yH5BAEAAAAALAAAAAABAAEAAAIBRAA7\"\/> commune de Bafoussam 1er<\/div>\n<div class=\"entry-content entry clearfix\" readability=\"63.4648829431\">\n<p class=\"yiv6598831476ydp71d7b085MsoNormal\">Dans l\u2019arrondissement de Bafoussam 1<sup>er<\/sup>, qui d\u00e9pend du d\u00e9partement de la Mifi dans la r\u00e9gion de l\u2019Ouest, les r\u00e9sultats ne plaisent pas au sein du Rassemblement D\u00e9mocratique du Peuple Camerounais (RDPC). Dans une correspondance dat\u00e9e du 10 f\u00e9vrier 2020, le pr\u00e9sident de la commission communale de campagne \u00e9crit \u00e0 sa hi\u00e9rarchie d\u00e9partementale pour l\u2019informer de la d\u00e9cision de contester les r\u00e9sultats proclam\u00e9s par l\u2019antenne communale d\u2019Elections Cameroon (Elecam).<\/p>\n<p class=\"yiv6598831476ydp71d7b085MsoNormal\">\u00ab\u00a0A la fin du double scrutin du 9 f\u00e9vrier 2020, nous \u00e9tions r\u00e9unis dans notre QG lorsque le pr\u00e9sident de la section, Dr Jules Hilaire Focka Focka a re\u00e7u un appel de f\u00e9licitations de monsieur le sous-pr\u00e9fet de Bafoussam 1<sup>er<\/sup>, monsieur Aboubakar Garba qui annon\u00e7ait le score de 50,22% contre 48,78% en faveur du RDPC. Il \u00e9tait 2 heures du matin (\u2026) Les services de renseignement de Yaound\u00e9 ont \u00e9galement f\u00e9licit\u00e9 le Pr\u00e9sident quelques minutes apr\u00e8s\u00a0\u00bb, commence par relater Pascal Nguthe Kante.<\/p>\n<p class=\"yiv6598831476ydp71d7b085MsoNormal\">Ces assurances de victoire vont vite d\u00e9chanter avec la publication, quelques heures plus tard, des r\u00e9sultats par la repr\u00e9sentation d\u2019Elecam dans ledit arrondissement. C\u2019est d\u2019ailleurs ce que fait savoir le pr\u00e9sident de la commission \u00e0 sa hi\u00e9rarchie. \u00ab\u00a0Grande est notre surpris \u00e0 l\u2019instant car l\u2019antenne communale Elecam de Bafoussam 1<sup>er<\/sup>\u00a0vient de proclamer la liste SDF [Social Democratic Front, Ndlr] vainqueur de l\u2019\u00e9lection avec un pourcentage de 51,03%\u00a0\u00bb, se plaint Pascal Nguthe Kante.<\/p>\n<p class=\"yiv6598831476ydp71d7b085MsoNormal\">Il dit avoir tout de suite saisi l\u2019avocat du RDPC pour ces \u00e9lections, en l\u2019occurrence Me Bienvenu Nougwa pour un recours car \u00ab\u00a0nous avons des preuves que cette \u00e9lection a \u00e9t\u00e9 t\u00e2ch\u00e9e de beaucoup d\u2019irr\u00e9gularit\u00e9s\u00a0\u00bb.<\/p>\n<div class=\"sharedaddy sd-sharing-enabled robots-nocontent sd-block sd-social sd-social-icon-text sd-sharing\">\n<h3 class=\"sd-title\">Partager\u00a0:<\/h3>\n<\/div>\n<p><h3 class=\"jp-relatedposts-headline\"><em>Articles similaires<\/em><\/h3>\n<\/p>\n<\/div>\n<div class=\"toggle-post-content clearfix\"><a id=\"toggle-post-button\" class=\"button\" href=\"#\">Afficher plus <\/a><\/div>\n<p>Auteur: Joel Abissek<br \/>\n<a href=\"https:\/\/ecomatin.net\/mifi-le-rdpc-conteste-la-victoire-du-sdf-a-bafoussam-1er\/\">Cliquez ici pour lire l&rsquo;article depuis sa source.<\/a><\/p>\n","protected":false},"excerpt":{"rendered":"<p>commune de Bafoussam 1er Dans l\u2019arrondissement de Bafoussam 1er, qui d\u00e9pend du d\u00e9partement de la Mifi dans la r\u00e9gion de l\u2019Ouest, les r\u00e9sultats ne plaisent pas au sein du Rassemblement D\u00e9mocratique du Peuple Camerounais (RDPC). Dans une correspondance dat\u00e9e du 10 f\u00e9vrier 2020, le pr\u00e9sident de la commission communale de campagne \u00e9crit \u00e0 sa hi\u00e9rarchie [&hellip;]<\/p>\n","protected":false},"author":1969,"featured_media":0,"comment_status":"closed","ping_status":"closed","sticky":false,"template":"","format":"standard","meta":{"fifu_image_url":"","fifu_image_alt":"","footnotes":""},"categories":[82,78],"tags":[],"class_list":["post-75961","post","type-post","status-publish","format-standard","hentry","category-cameroun","category-economie"],"_links":{"self":[{"href":"https:\/\/linitiative.ca\/International\/wp-json\/wp\/v2\/posts\/75961","targetHints":{"allow":["GET"]}}],"collection":[{"href":"https:\/\/linitiative.ca\/International\/wp-json\/wp\/v2\/posts"}],"about":[{"href":"https:\/\/linitiative.ca\/International\/wp-json\/wp\/v2\/types\/post"}],"author":[{"embeddable":true,"href":"https:\/\/linitiative.ca\/International\/wp-json\/wp\/v2\/users\/1969"}],"replies":[{"embeddable":true,"href":"https:\/\/linitiative.ca\/International\/wp-json\/wp\/v2\/comments?post=75961"}],"version-history":[{"count":0,"href":"https:\/\/linitiative.ca\/International\/wp-json\/wp\/v2\/posts\/75961\/revisions"}],"wp:attachment":[{"href":"https:\/\/linitiative.ca\/International\/wp-json\/wp\/v2\/media?parent=75961"}],"wp:term":[{"taxonomy":"category","embeddable":true,"href":"https:\/\/linitiative.ca\/International\/wp-json\/wp\/v2\/categories?post=75961"},{"taxonomy":"post_tag","embeddable":true,"href":"https:\/\/linitiative.ca\/International\/wp-json\/wp\/v2\/tags?post=75961"}],"curies":[{"name":"wp","href":"https:\/\/api.w.org\/{rel}","templated":true}]}}