{"id":75963,"date":"2020-02-12T10:37:20","date_gmt":"2020-02-12T15:37:20","guid":{"rendered":"https:\/\/linitiative.ca\/International\/le-cameroun-cherche-20-milliards-de-fcfa-sur-le-marche-monetaire-de-la-beac\/"},"modified":"2020-02-12T10:37:20","modified_gmt":"2020-02-12T15:37:20","slug":"le-cameroun-cherche-20-milliards-de-fcfa-sur-le-marche-monetaire-de-la-beac","status":"publish","type":"post","link":"https:\/\/linitiative.ca\/International\/le-cameroun-cherche-20-milliards-de-fcfa-sur-le-marche-monetaire-de-la-beac\/","title":{"rendered":"Le Cameroun cherche 20 milliards de FCFA sur le march\u00e9 mon\u00e9taire de la BEAC"},"content":{"rendered":"<div class=\"featured-area featured-area-inner\" readability=\"8\"><img loading=\"lazy\" decoding=\"async\" width=\"612\" height=\"306\" src=\"https:\/\/i0.wp.com\/ecomatin.net\/wp-content\/uploads\/2020\/01\/ecomatin.net-la-beac-durcit-a-nouveau-les-avances-aux-tresors-nationaux-beac-2.jpg?resize=612%2C306&#038;ssl=1&#038;is-pending-load=1\" class=\"attachment-jannah-image-post size-jannah-image-post wp-post-image jetpack-lazy-image\" alt=\"\" data-lazy-srcset=\"https:\/\/i0.wp.com\/ecomatin.net\/wp-content\/uploads\/2020\/01\/ecomatin.net-la-beac-durcit-a-nouveau-les-avances-aux-tresors-nationaux-beac-2.jpg?w=612&#038;ssl=1 612w, https:\/\/i0.wp.com\/ecomatin.net\/wp-content\/uploads\/2020\/01\/ecomatin.net-la-beac-durcit-a-nouveau-les-avances-aux-tresors-nationaux-beac-2.jpg?resize=300%2C150&#038;ssl=1 300w\" data-lazy-sizes=\"(max-width: 612px) 100vw, 612px\" srcset=\"data:image\/gif;base64,R0lGODlhAQABAIAAAAAAAP\/\/\/yH5BAEAAAAALAAAAAABAAEAAAIBRAA7\"\/> Beac, le march\u00e9 mon\u00e9taire de l\u2019Afrique centrale<\/div>\n<div class=\"entry-content entry clearfix\" readability=\"68.4031141869\">\n<p class=\"yiv6598831476ydp71d7b085MsoNormal\">Le Cameroun veut mobiliser\u00a0<strong>20 milliards de FCFA<\/strong>\u00a0sur le march\u00e9 de la Communaut\u00e9 \u00e9conomique et mon\u00e9taire de l\u2019Afrique centrale (<strong>Cemac<\/strong>) \u00e0 travers une \u00e9mission le 6 f\u00e9vrier 2020 de Bons du tr\u00e9sor assimilable (<strong>BTA<\/strong>) d\u2019apr\u00e8s le chronogramme d\u2019\u00e9mission publi\u00e9 par la Banque des Etats de l\u2019Afrique centrale (<strong>Beac<\/strong>).<\/p>\n<p class=\"yiv6598831476ydp71d7b085MsoNormal\">Les fonds issus de cette op\u00e9ration, dont les souscriptions s\u2019ach\u00e8vent ce 12 f\u00e9vrier, sont principalement destin\u00e9s \u00e0 la r\u00e9alisation de plusieurs projets de d\u00e9veloppement, notamment dans les secteurs de l\u2019eau, de l\u2019\u00e9nergie, l\u2019agriculture, les transports sans oublier les infrastructures sportives, un an avant la prochaine Coupe d\u2019Afrique des nations (CAN) 2021 que va accueillir le pays.<\/p>\n<p class=\"yiv6598831476ydp71d7b085MsoNormal\">D\u2019une maturit\u00e9 de six mois, les principales caract\u00e9ristiques de cette \u00e9mission par voie d\u2019adjudication des Bons du tr\u00e9sor assimilable s\u2019adressent aux investisseurs des six pays de la zone : Cameroun, Centrafrique, Congo, Gabon, Guin\u00e9e \u00e9quatoriale et Tchad.<\/p>\n<p class=\"yiv6598831476ydp71d7b085MsoNormal\">La Banque centrale rappelle que les personnes physiques ou morales souhaitant acqu\u00e9rir ces titres doivent s\u2019adresser aux dix-neuf \u00e9tablissements de cr\u00e9dit agr\u00e9\u00e9s comme Sp\u00e9cialistes en valeurs du tr\u00e9sor (SVT) par le ministre en charge des Finances de la R\u00e9publique du Cameroun.<\/p>\n<p class=\"yiv6598831476ydp71d7b085MsoNormal\">Cette nouvelle op\u00e9ration de lev\u00e9e de fonds intervient dans un contexte marqu\u00e9 par les fluctuations du march\u00e9 r\u00e9gional avec notamment une courbe de rendement de 2,3% en janvier 2020. Selon la Beac, les rendements vont de 2,9% pour les titres d\u2019un an de maturit\u00e9 \u00e0 plus de 5% pour les titres de trois ans de maturit\u00e9 alors que les titres de cinq ans affichent un taux de rendement de 5,7%.<\/p>\n<div class=\"sharedaddy sd-sharing-enabled robots-nocontent sd-block sd-social sd-social-icon-text sd-sharing\">\n<h3 class=\"sd-title\">Partager\u00a0:<\/h3>\n<\/div>\n<p><h3 class=\"jp-relatedposts-headline\"><em>Articles similaires<\/em><\/h3>\n<\/p>\n<\/div>\n<div class=\"toggle-post-content clearfix\"><a id=\"toggle-post-button\" class=\"button\" href=\"#\">Afficher plus <\/a><\/div>\n<p>Auteur: Joel Abissek<br \/>\n<a href=\"https:\/\/ecomatin.net\/le-cameroun-cherche-20-milliards-de-fcfa-sur-le-marche-monetaire-de-la-beac\/\">Cliquez ici pour lire l&rsquo;article depuis sa source.<\/a><\/p>\n","protected":false},"excerpt":{"rendered":"<p>Beac, le march\u00e9 mon\u00e9taire de l\u2019Afrique centrale Le Cameroun veut mobiliser\u00a020 milliards de FCFA\u00a0sur le march\u00e9 de la Communaut\u00e9 \u00e9conomique et mon\u00e9taire de l\u2019Afrique centrale (Cemac) \u00e0 travers une \u00e9mission le 6 f\u00e9vrier 2020 de Bons du tr\u00e9sor assimilable (BTA) d\u2019apr\u00e8s le chronogramme d\u2019\u00e9mission publi\u00e9 par la Banque des Etats de l\u2019Afrique centrale (Beac). Les [&hellip;]<\/p>\n","protected":false},"author":1969,"featured_media":0,"comment_status":"closed","ping_status":"closed","sticky":false,"template":"","format":"standard","meta":{"fifu_image_url":"","fifu_image_alt":"","footnotes":""},"categories":[82,78],"tags":[],"class_list":["post-75963","post","type-post","status-publish","format-standard","hentry","category-cameroun","category-economie"],"_links":{"self":[{"href":"https:\/\/linitiative.ca\/International\/wp-json\/wp\/v2\/posts\/75963","targetHints":{"allow":["GET"]}}],"collection":[{"href":"https:\/\/linitiative.ca\/International\/wp-json\/wp\/v2\/posts"}],"about":[{"href":"https:\/\/linitiative.ca\/International\/wp-json\/wp\/v2\/types\/post"}],"author":[{"embeddable":true,"href":"https:\/\/linitiative.ca\/International\/wp-json\/wp\/v2\/users\/1969"}],"replies":[{"embeddable":true,"href":"https:\/\/linitiative.ca\/International\/wp-json\/wp\/v2\/comments?post=75963"}],"version-history":[{"count":0,"href":"https:\/\/linitiative.ca\/International\/wp-json\/wp\/v2\/posts\/75963\/revisions"}],"wp:attachment":[{"href":"https:\/\/linitiative.ca\/International\/wp-json\/wp\/v2\/media?parent=75963"}],"wp:term":[{"taxonomy":"category","embeddable":true,"href":"https:\/\/linitiative.ca\/International\/wp-json\/wp\/v2\/categories?post=75963"},{"taxonomy":"post_tag","embeddable":true,"href":"https:\/\/linitiative.ca\/International\/wp-json\/wp\/v2\/tags?post=75963"}],"curies":[{"name":"wp","href":"https:\/\/api.w.org\/{rel}","templated":true}]}}