{"id":75969,"date":"2020-02-13T06:56:39","date_gmt":"2020-02-13T11:56:39","guid":{"rendered":"https:\/\/linitiative.ca\/International\/commerce-road-show-special-nigeria-a-tunis-monastir-et-sfax\/"},"modified":"2020-02-13T06:56:39","modified_gmt":"2020-02-13T11:56:39","slug":"commerce-road-show-special-nigeria-a-tunis-monastir-et-sfax","status":"publish","type":"post","link":"https:\/\/linitiative.ca\/International\/commerce-road-show-special-nigeria-a-tunis-monastir-et-sfax\/","title":{"rendered":"Commerce\u00a0: Road show sp\u00e9cial Nigeria, \u00e0 Tunis, Monastir et Sfax"},"content":{"rendered":"<p>Un road show consacr\u00e9 au Nigeria sera organis\u00e9 \u00e0 Tunis (le 24 f\u00e9vrier), Monastir (le 25 f\u00e9vrier) et Sfax (le 26 f\u00e9vrier), annonce le CEPEX.<br \/>Une d\u00e9l\u00e9gation d\u2019acheteurs se rendra en Tunisie, afin d\u2019identifier les opportunit\u00e9s d\u2019affaires dans cinq secteurs d\u2019activit\u00e9, \u00e0 savoir l\u2019agroalimentaire, le BTP, les TIC, les mat\u00e9riaux de construction et la sant\u00e9.<br \/>Au programme de cette manifestation, une pr\u00e9sentation du march\u00e9 nig\u00e9rian, aux industriels et exportateurs tunisiens, outre l\u2019organisation de rencontres professionnelles entre les op\u00e9rateurs tunisiens et les membres de la d\u00e9l\u00e9gation nig\u00e9riane.<br \/>Des rencontres sont aussi, programm\u00e9es, avec le repr\u00e9sentant du Cepex r\u00e9sidant \u00e0 Abuja, pour donner \u00e0 ces op\u00e9rateurs un meilleur \u00e9clairage sur ce march\u00e9 et baliser le terrain pour un \u00e9ventuel accompagnement dans de missions de prospection.<br \/>A noter que ce Roadshow est organis\u00e9 dans le cadre de la Plateforme \u00bb Think Africa \u00ab , un r\u00e9seau qui regroupe des structures d\u2019appui publiques et priv\u00e9es en Tunisie qui sont au service des entreprises afin de mieux exporter vers les march\u00e9s de l\u2019Afrique sub-saharienne. Ainsi, cette activit\u00e9 s\u2019ins\u00e8re dans le cadre du projet \u00bb Promotion des activit\u00e9s d\u2019export cr\u00e9atrices d\u2019emploi vers de nouveaux march\u00e9s africains \u00bb (PEMA) initi\u00e9 sous le mandat du Minist\u00e8re F\u00e9d\u00e9ral allemand de la Coop\u00e9ration \u00e9conomique et du D\u00e9veloppement (BMZ) et impl\u00e9ment\u00e9 par la GIZ, en coop\u00e9ration avec le Minist\u00e8re du Commerce Tunisien et le Centre de promotion des exportations (CEPEX).<br \/>Pour ce qui est du projet PEMA, sa particularit\u00e9 r\u00e9side \u00e0 offrir un appui coh\u00e9rent aux pays pour acc\u00e9der aux march\u00e9s africains, via le renforcement des clusters et de l\u2019\u00e9cosyst\u00e8me ainsi qu\u2019\u00e0 travers la triangulation avec les entreprises allemandes.<\/p>\n<div class=\"wp-post-author-wrap wp-post-author-shortcode left\">\n<h3 class=\"awpa-title\"\/>\n<div class=\"wp-post-author\">\n<div class=\"awpa-img awpa-author-block square\"><a href=\"http:\/\/lexpertjournal.net\/fr\/author\/lexpert\/\"><img loading=\"lazy\" decoding=\"async\" alt=\"\" src=\"http:\/\/1.gravatar.com\/avatar\/d75fce4ed1c12f48ee4270b4238ad3bf?s=150&#038;d=mm&#038;r=g\" srcset=\"http:\/\/1.gravatar.com\/avatar\/d75fce4ed1c12f48ee4270b4238ad3bf?s=300&#038;d=mm&#038;r=g 2x\" class=\"avatar avatar-150 photo\" height=\"150\" width=\"150\"\/><\/a><\/div>\n<\/div>\n<\/div>\n<p>Auteur: L&rsquo;Expert<br \/>\n<a href=\"http:\/\/lexpertjournal.net\/fr\/2020\/02\/13\/commerce-road-show-special-nigeria-a-tunis-monastir-et-sfax\/\">Cliquez ici pour lire l&rsquo;article depuis sa source.<\/a><\/p>\n","protected":false},"excerpt":{"rendered":"<p>Un road show consacr\u00e9 au Nigeria sera organis\u00e9 \u00e0 Tunis (le 24 f\u00e9vrier), Monastir (le 25 f\u00e9vrier) et Sfax (le 26 f\u00e9vrier), annonce le CEPEX.Une d\u00e9l\u00e9gation d\u2019acheteurs se rendra en Tunisie, afin d\u2019identifier les opportunit\u00e9s d\u2019affaires dans cinq secteurs d\u2019activit\u00e9, \u00e0 savoir l\u2019agroalimentaire, le BTP, les TIC, les mat\u00e9riaux de construction et la sant\u00e9.Au programme [&hellip;]<\/p>\n","protected":false},"author":1775,"featured_media":0,"comment_status":"closed","ping_status":"closed","sticky":false,"template":"","format":"standard","meta":{"fifu_image_url":"","fifu_image_alt":"","footnotes":""},"categories":[78,55],"tags":[],"class_list":["post-75969","post","type-post","status-publish","format-standard","hentry","category-economie","category-tunisie"],"_links":{"self":[{"href":"https:\/\/linitiative.ca\/International\/wp-json\/wp\/v2\/posts\/75969","targetHints":{"allow":["GET"]}}],"collection":[{"href":"https:\/\/linitiative.ca\/International\/wp-json\/wp\/v2\/posts"}],"about":[{"href":"https:\/\/linitiative.ca\/International\/wp-json\/wp\/v2\/types\/post"}],"author":[{"embeddable":true,"href":"https:\/\/linitiative.ca\/International\/wp-json\/wp\/v2\/users\/1775"}],"replies":[{"embeddable":true,"href":"https:\/\/linitiative.ca\/International\/wp-json\/wp\/v2\/comments?post=75969"}],"version-history":[{"count":0,"href":"https:\/\/linitiative.ca\/International\/wp-json\/wp\/v2\/posts\/75969\/revisions"}],"wp:attachment":[{"href":"https:\/\/linitiative.ca\/International\/wp-json\/wp\/v2\/media?parent=75969"}],"wp:term":[{"taxonomy":"category","embeddable":true,"href":"https:\/\/linitiative.ca\/International\/wp-json\/wp\/v2\/categories?post=75969"},{"taxonomy":"post_tag","embeddable":true,"href":"https:\/\/linitiative.ca\/International\/wp-json\/wp\/v2\/tags?post=75969"}],"curies":[{"name":"wp","href":"https:\/\/api.w.org\/{rel}","templated":true}]}}