{"id":75971,"date":"2020-02-13T06:59:58","date_gmt":"2020-02-13T11:59:58","guid":{"rendered":"https:\/\/linitiative.ca\/International\/tunisair-appel-a-mettre-en-place-un-programme-de-restructuration\/"},"modified":"2020-02-13T06:59:58","modified_gmt":"2020-02-13T11:59:58","slug":"tunisair-appel-a-mettre-en-place-un-programme-de-restructuration","status":"publish","type":"post","link":"https:\/\/linitiative.ca\/International\/tunisair-appel-a-mettre-en-place-un-programme-de-restructuration\/","title":{"rendered":"Tunisair :  Appel \u00e0 mettre en place un programme de restructuration"},"content":{"rendered":"<p>La F\u00e9d\u00e9ration g\u00e9n\u00e9rale du transport, relevant de l\u2019union g\u00e9n\u00e9rale tunisienne du Travail (UGTT) a appel\u00e9, mercredi, \u00e0 mettre en place un programme de sauvetage et de restructuration de la compagnie a\u00e9rienne Tunisair.<br \/>Dans un communiqu\u00e9 publi\u00e9 \u00e0 la suite de la r\u00e9union de son bureau ex\u00e9cutif hier mardi, la f\u00e9d\u00e9ration a renouvel\u00e9 son refus cat\u00e9gorique de l\u2019accord de la cinqui\u00e8me libert\u00e9 avec Qatar Airways, r\u00e9it\u00e9rant son opposition radicale \u00e0 l\u2019Open Sky.<br \/>La F\u00e9d\u00e9ration a exprim\u00e9 sa grande inqui\u00e9tude quant au sort de la compagnie nationale face \u00e0 l\u2019absence d\u2019une position claire des autorit\u00e9s de tutelle et de solutions concr\u00e8tes. Elle a, par ailleurs, menac\u00e9 d\u2019une gr\u00e8ve en guise de protestation contre \u00ab la politique d\u2019atermoiement \u00bb men\u00e9e par l\u2019autorit\u00e9 de tutelle et la pr\u00e9sidence du gouvernement appelant les parties sociales \u00e0 trouver des solutions \u00e0 la crise financi\u00e8re de la compagnie.<br \/>Le pr\u00e9sident directeur g\u00e9n\u00e9ral de Tunisair, Ily\u00e9s Mnakbi avait soulign\u00e9, lors de son audition par l\u2019Assembl\u00e9e des Repr\u00e9sentants du Peuple (ARP) la n\u00e9cessit\u00e9 de r\u00e9habiliter la compagnie avant d\u2019entamer l\u2019application de la convention de l\u2019Open Sky sign\u00e9e avec l\u2019Union Europ\u00e9enne.<br \/>Selon Mnakbi, la r\u00e9habilitation de la compagnie n\u00e9cessite la mise en \u0153uvre d\u2019un plan de d\u00e9veloppement notamment de la flotte, dont la moyenne d\u2019\u00e2ge est entre 18 et 25 ans, ainsi que l\u2019augmentation de son capital, soulignant que les retards des vols de la compagnie sont principalement dus au vieillissement de la flotte.<br \/>Il a \u00e9galement soulign\u00e9 la n\u00e9cessit\u00e9 de d\u00e9velopper le syst\u00e8me de gestion et d\u2019administration de la compagnie, afin qu\u2019il soit en phase avec les normes de gestion des compagnies a\u00e9riennes internationales.<\/p>\n<div class=\"wp-post-author-wrap wp-post-author-shortcode left\">\n<h3 class=\"awpa-title\"\/>\n<div class=\"wp-post-author\">\n<div class=\"awpa-img awpa-author-block square\"><a href=\"http:\/\/lexpertjournal.net\/fr\/author\/lexpert\/\"><img loading=\"lazy\" decoding=\"async\" alt=\"\" src=\"http:\/\/1.gravatar.com\/avatar\/d75fce4ed1c12f48ee4270b4238ad3bf?s=150&#038;d=mm&#038;r=g\" srcset=\"http:\/\/1.gravatar.com\/avatar\/d75fce4ed1c12f48ee4270b4238ad3bf?s=300&#038;d=mm&#038;r=g 2x\" class=\"avatar avatar-150 photo\" height=\"150\" width=\"150\"\/><\/a><\/div>\n<\/div>\n<\/div>\n<p>Auteur: L&rsquo;Expert<br \/>\n<a href=\"http:\/\/lexpertjournal.net\/fr\/2020\/02\/13\/tunisair-appel-a-mettre-en-place-un-programme-de-restructuration\/\">Cliquez ici pour lire l&rsquo;article depuis sa source.<\/a><\/p>\n","protected":false},"excerpt":{"rendered":"<p>La F\u00e9d\u00e9ration g\u00e9n\u00e9rale du transport, relevant de l\u2019union g\u00e9n\u00e9rale tunisienne du Travail (UGTT) a appel\u00e9, mercredi, \u00e0 mettre en place un programme de sauvetage et de restructuration de la compagnie a\u00e9rienne Tunisair.Dans un communiqu\u00e9 publi\u00e9 \u00e0 la suite de la r\u00e9union de son bureau ex\u00e9cutif hier mardi, la f\u00e9d\u00e9ration a renouvel\u00e9 son refus cat\u00e9gorique de [&hellip;]<\/p>\n","protected":false},"author":1775,"featured_media":0,"comment_status":"closed","ping_status":"closed","sticky":false,"template":"","format":"standard","meta":{"fifu_image_url":"","fifu_image_alt":"","footnotes":""},"categories":[78,55],"tags":[],"class_list":["post-75971","post","type-post","status-publish","format-standard","hentry","category-economie","category-tunisie"],"_links":{"self":[{"href":"https:\/\/linitiative.ca\/International\/wp-json\/wp\/v2\/posts\/75971","targetHints":{"allow":["GET"]}}],"collection":[{"href":"https:\/\/linitiative.ca\/International\/wp-json\/wp\/v2\/posts"}],"about":[{"href":"https:\/\/linitiative.ca\/International\/wp-json\/wp\/v2\/types\/post"}],"author":[{"embeddable":true,"href":"https:\/\/linitiative.ca\/International\/wp-json\/wp\/v2\/users\/1775"}],"replies":[{"embeddable":true,"href":"https:\/\/linitiative.ca\/International\/wp-json\/wp\/v2\/comments?post=75971"}],"version-history":[{"count":0,"href":"https:\/\/linitiative.ca\/International\/wp-json\/wp\/v2\/posts\/75971\/revisions"}],"wp:attachment":[{"href":"https:\/\/linitiative.ca\/International\/wp-json\/wp\/v2\/media?parent=75971"}],"wp:term":[{"taxonomy":"category","embeddable":true,"href":"https:\/\/linitiative.ca\/International\/wp-json\/wp\/v2\/categories?post=75971"},{"taxonomy":"post_tag","embeddable":true,"href":"https:\/\/linitiative.ca\/International\/wp-json\/wp\/v2\/tags?post=75971"}],"curies":[{"name":"wp","href":"https:\/\/api.w.org\/{rel}","templated":true}]}}