{"id":75972,"date":"2020-02-13T07:01:14","date_gmt":"2020-02-13T12:01:14","guid":{"rendered":"https:\/\/linitiative.ca\/International\/les-extremistes-terrorisaient-les-habitants-operation-de-ratissage-pres-de-ghardimaou\/"},"modified":"2020-02-13T07:01:14","modified_gmt":"2020-02-13T12:01:14","slug":"les-extremistes-terrorisaient-les-habitants-operation-de-ratissage-pres-de-ghardimaou","status":"publish","type":"post","link":"https:\/\/linitiative.ca\/International\/les-extremistes-terrorisaient-les-habitants-operation-de-ratissage-pres-de-ghardimaou\/","title":{"rendered":"Les extr\u00e9mistes terrorisaient les habitants\u00a0: Op\u00e9ration de ratissage pr\u00e8s de Ghardimaou"},"content":{"rendered":"<p>Une vaste op\u00e9ration de ratissage a \u00e9t\u00e9 lanc\u00e9e mercredi contre des \u00e9l\u00e9ments soup\u00e7onn\u00e9s d\u2019appartenir \u00e0 l\u2019un des groupes terroristes retranch\u00e9s dans une montagne accident\u00e9e apr\u00e8s avoir tent\u00e9 de piller une maison dans la zone de Mouajen, dans l\u2019Imada de Saraya pr\u00e8s de Ghardimaou (gouvernorat de Jendouba), selon des sources s\u00e9curitaires.<br \/>L\u2019op\u00e9ration de ratissage, lanc\u00e9e par des unit\u00e9s militaires et de s\u00e9curit\u00e9 sp\u00e9cialis\u00e9e, est intervenue apr\u00e8s qu\u2019un groupe de trois personnes ait tent\u00e9 mardi soir de faire irruption dans une maison dans la localit\u00e9 de \u00ab Harim \u00bb avant de s\u2019enfuir en raison des appels au secours d\u2019une femme, indique-t-on de m\u00eame source.<br \/>Selon des t\u00e9moins oculaires, cette tentative d\u2019irruption par un groupe dans une maison n\u2019est pas la premi\u00e8re dans cette zone et dans le reste des villages frontaliers voisins ou \u00e9loign\u00e9s. Plusieurs cas avaient \u00e9t\u00e9 rapport\u00e9s sur l\u2019intrusion de groupes arm\u00e9s dans un certain nombre de domiciles \u00e0 la recherche de nourritures, tout en mena\u00e7ant tous ceux qui les d\u00e9nonceraient aux autorit\u00e9s s\u00e9curitaires avant de se retrancher dans les montagnes escarp\u00e9es. Ces descentes se sont produites dans les localit\u00e9s de Majmajah, Al-Hmam, Aine Soltan, Faj Houcine et d\u2019autres.<br \/>Pr\u00e8s de la localit\u00e9 de Mouajen, situ\u00e9e dans la zone d\u2019Achahid, se trouve \u00e9galement le lieu de l\u2019embuscade tendue par un groupe terroriste, le 8 juillet 2018, qui avait fait six morts et deux bless\u00e9s dans les rangs des gardes nationaux. Le groupe s\u2019\u00e9tait empar\u00e9 \u00e9galement de leurs armes, y compris la mitrailleuse plac\u00e9e au-dessus de la voiture.<br \/>Au centre de la zone se trouvait un poste avanc\u00e9 de la Garde nationale, avant sa d\u00e9molition il y a des ann\u00e9es sans \u00eatre reconstruit depuis.<\/p>\n<div class=\"wp-post-author-wrap wp-post-author-shortcode left\">\n<h3 class=\"awpa-title\"\/>\n<div class=\"wp-post-author\">\n<div class=\"awpa-img awpa-author-block square\"><a href=\"http:\/\/lexpertjournal.net\/fr\/author\/lexpert\/\"><img loading=\"lazy\" decoding=\"async\" alt=\"\" src=\"http:\/\/1.gravatar.com\/avatar\/d75fce4ed1c12f48ee4270b4238ad3bf?s=150&#038;d=mm&#038;r=g\" srcset=\"http:\/\/1.gravatar.com\/avatar\/d75fce4ed1c12f48ee4270b4238ad3bf?s=300&#038;d=mm&#038;r=g 2x\" class=\"avatar avatar-150 photo\" height=\"150\" width=\"150\"\/><\/a><\/div>\n<\/div>\n<\/div>\n<p>Auteur: L&rsquo;Expert<br \/>\n<a href=\"http:\/\/lexpertjournal.net\/fr\/2020\/02\/13\/les-extremistes-terrorisaient-les-habitants-operation-de-ratissage-pres-de-ghardimaou\/\">Cliquez ici pour lire l&rsquo;article depuis sa source.<\/a><\/p>\n","protected":false},"excerpt":{"rendered":"<p>Une vaste op\u00e9ration de ratissage a \u00e9t\u00e9 lanc\u00e9e mercredi contre des \u00e9l\u00e9ments soup\u00e7onn\u00e9s d\u2019appartenir \u00e0 l\u2019un des groupes terroristes retranch\u00e9s dans une montagne accident\u00e9e apr\u00e8s avoir tent\u00e9 de piller une maison dans la zone de Mouajen, dans l\u2019Imada de Saraya pr\u00e8s de Ghardimaou (gouvernorat de Jendouba), selon des sources s\u00e9curitaires.L\u2019op\u00e9ration de ratissage, lanc\u00e9e par des [&hellip;]<\/p>\n","protected":false},"author":1775,"featured_media":0,"comment_status":"closed","ping_status":"closed","sticky":false,"template":"","format":"standard","meta":{"fifu_image_url":"","fifu_image_alt":"","footnotes":""},"categories":[78,55],"tags":[],"class_list":["post-75972","post","type-post","status-publish","format-standard","hentry","category-economie","category-tunisie"],"_links":{"self":[{"href":"https:\/\/linitiative.ca\/International\/wp-json\/wp\/v2\/posts\/75972","targetHints":{"allow":["GET"]}}],"collection":[{"href":"https:\/\/linitiative.ca\/International\/wp-json\/wp\/v2\/posts"}],"about":[{"href":"https:\/\/linitiative.ca\/International\/wp-json\/wp\/v2\/types\/post"}],"author":[{"embeddable":true,"href":"https:\/\/linitiative.ca\/International\/wp-json\/wp\/v2\/users\/1775"}],"replies":[{"embeddable":true,"href":"https:\/\/linitiative.ca\/International\/wp-json\/wp\/v2\/comments?post=75972"}],"version-history":[{"count":0,"href":"https:\/\/linitiative.ca\/International\/wp-json\/wp\/v2\/posts\/75972\/revisions"}],"wp:attachment":[{"href":"https:\/\/linitiative.ca\/International\/wp-json\/wp\/v2\/media?parent=75972"}],"wp:term":[{"taxonomy":"category","embeddable":true,"href":"https:\/\/linitiative.ca\/International\/wp-json\/wp\/v2\/categories?post=75972"},{"taxonomy":"post_tag","embeddable":true,"href":"https:\/\/linitiative.ca\/International\/wp-json\/wp\/v2\/tags?post=75972"}],"curies":[{"name":"wp","href":"https:\/\/api.w.org\/{rel}","templated":true}]}}