{"id":75985,"date":"2020-02-12T16:46:30","date_gmt":"2020-02-12T21:46:30","guid":{"rendered":"https:\/\/linitiative.ca\/International\/approbation-de-la-programmation-de-lexcedent-budgetaire-de-2019\/"},"modified":"2020-02-12T16:46:30","modified_gmt":"2020-02-12T21:46:30","slug":"approbation-de-la-programmation-de-lexcedent-budgetaire-de-2019","status":"publish","type":"post","link":"https:\/\/linitiative.ca\/International\/approbation-de-la-programmation-de-lexcedent-budgetaire-de-2019\/","title":{"rendered":"Approbation de la programmation de l\u2019exc\u00e9dent budg\u00e9taire de 2019"},"content":{"rendered":"<div class=\"single-featured\"><img alt=\"\" data-src=\"http:\/\/www.mapmarrakech.ma\/map\/uploads\/2020\/02\/conseilcommunalbenguerir-copier.jpg\"\/><\/div>\n<div class=\"single-post-excerpt post-excerpt-bc\" readability=\"35\">\n<p>Bengu\u00e9rir \u2013 Le Conseil communal de Bengu\u00e9rir, r\u00e9uni r\u00e9cemment en session ordinaire du mois de f\u00e9vrier, a approuv\u00e9 la programmation de l\u2019exc\u00e9dent budg\u00e9taire au titre de l\u2019exercice 2019.<\/p>\n<\/div>\n<div class=\"entry-content clearfix single-post-content\" readability=\"56\">\n<p>Lors de cette r\u00e9union, l\u2019instance \u00e9lue a \u00e9galement adopt\u00e9 une convention relative au soutien du Moussem culturel \u00ab\u00a0Raouabit Rhamna\u00a0\u00bb et \u00e0 l\u2019appui aux associations sportives et \u00e0 celles oeuvrant dans les domaines du marketing territorial et du renforcement des comp\u00e9tences et du savoir-faire des jeunes.<\/p>\n<p>S\u2019exprimant \u00e0 cette occasion, le pr\u00e9sident du conseil, Abdelati Bouchrit, a indiqu\u00e9 que les points figurant \u00e0 l\u2019ordre du jour et approuv\u00e9s lors de cette session s\u2019inscrivent dans le cadre de l\u2019approche adopt\u00e9e par ledit Conseil pour l\u2019am\u00e9lioration des conditions de vie de la population sur les plans social, \u00e9conomique, sportif et culturel, et font partie d\u2019autres programmes visant \u00e0 satisfaire leurs attentes et \u00e0 r\u00e9pondre \u00e0 leurs pr\u00e9occupations.<\/p>\n<p>Cette session a \u00e9t\u00e9 aussi l\u2019occasion pour d\u00e9battre de l\u2019\u00e9tat des lieux du syst\u00e8me de sant\u00e9 et des probl\u00e8mes auxquels font face les secteurs de l\u2019eau et de l\u2019assainissement \u00e0 l\u2019\u00e9chelle de la ville.<\/p>\n<p>Dans ce sillage, les intervenants lors de cette r\u00e9union ont soulign\u00e9 la n\u00e9cessit\u00e9 de la conjugaison des efforts des diff\u00e9rents secteurs et parties concern\u00e9s afin de surmonter ces probl\u00e8mes et de tirer vers le haut la qualit\u00e9 des services de base.<\/p>\n<\/div>\n<p>Auteur: Meriem IGASS<br \/>\n<a href=\"http:\/\/www.mapmarrakech.ma\/fr\/approbation-de-la-programmation-de-lexcedent-budgetaire-de-2019\/\">Cliquez ici pour lire l&rsquo;article depuis sa source.<\/a><\/p>\n","protected":false},"excerpt":{"rendered":"<p>Bengu\u00e9rir \u2013 Le Conseil communal de Bengu\u00e9rir, r\u00e9uni r\u00e9cemment en session ordinaire du mois de f\u00e9vrier, a approuv\u00e9 la programmation de l\u2019exc\u00e9dent budg\u00e9taire au titre de l\u2019exercice 2019. Lors de cette r\u00e9union, l\u2019instance \u00e9lue a \u00e9galement adopt\u00e9 une convention relative au soutien du Moussem culturel \u00ab\u00a0Raouabit Rhamna\u00a0\u00bb et \u00e0 l\u2019appui aux associations sportives et \u00e0 [&hellip;]<\/p>\n","protected":false},"author":1788,"featured_media":75986,"comment_status":"closed","ping_status":"closed","sticky":false,"template":"","format":"standard","meta":{"fifu_image_url":"","fifu_image_alt":"","footnotes":""},"categories":[54,76],"tags":[],"class_list":["post-75985","post","type-post","status-publish","format-standard","has-post-thumbnail","hentry","category-maroc","category-regions"],"_links":{"self":[{"href":"https:\/\/linitiative.ca\/International\/wp-json\/wp\/v2\/posts\/75985","targetHints":{"allow":["GET"]}}],"collection":[{"href":"https:\/\/linitiative.ca\/International\/wp-json\/wp\/v2\/posts"}],"about":[{"href":"https:\/\/linitiative.ca\/International\/wp-json\/wp\/v2\/types\/post"}],"author":[{"embeddable":true,"href":"https:\/\/linitiative.ca\/International\/wp-json\/wp\/v2\/users\/1788"}],"replies":[{"embeddable":true,"href":"https:\/\/linitiative.ca\/International\/wp-json\/wp\/v2\/comments?post=75985"}],"version-history":[{"count":0,"href":"https:\/\/linitiative.ca\/International\/wp-json\/wp\/v2\/posts\/75985\/revisions"}],"wp:featuredmedia":[{"embeddable":true,"href":"https:\/\/linitiative.ca\/International\/wp-json\/"}],"wp:attachment":[{"href":"https:\/\/linitiative.ca\/International\/wp-json\/wp\/v2\/media?parent=75985"}],"wp:term":[{"taxonomy":"category","embeddable":true,"href":"https:\/\/linitiative.ca\/International\/wp-json\/wp\/v2\/categories?post=75985"},{"taxonomy":"post_tag","embeddable":true,"href":"https:\/\/linitiative.ca\/International\/wp-json\/wp\/v2\/tags?post=75985"}],"curies":[{"name":"wp","href":"https:\/\/api.w.org\/{rel}","templated":true}]}}