{"id":75992,"date":"2020-02-13T15:14:22","date_gmt":"2020-02-13T20:14:22","guid":{"rendered":"https:\/\/linitiative.ca\/International\/coupe-dalgerie-asmo-usma-zemiti-determines-a-nous-qualifier\/"},"modified":"2020-02-13T15:14:22","modified_gmt":"2020-02-13T20:14:22","slug":"coupe-dalgerie-asmo-usma-zemiti-determines-a-nous-qualifier","status":"publish","type":"post","link":"https:\/\/linitiative.ca\/International\/coupe-dalgerie-asmo-usma-zemiti-determines-a-nous-qualifier\/","title":{"rendered":"Coupe d&rsquo;Alg\u00e9rie : ASMO &#8211; USMA : Zemiti \u00abD\u00e9termin\u00e9s \u00e0 nous qualifier !\u00bb"},"content":{"rendered":"<div readability=\"32\">\n<p>Auteur : <span>Adel Cheraki<\/span> <span class=\"time\">jeudi 13 f\u00e9vrier 2020 12:42<\/span><\/p>\n<\/div>\n<div id=\"post_core\" readability=\"100\">\n<p>Contact\u00e9 au bout du fil, Farid Zemiti, le bras droit de Billel Dziri, a accept\u00e9 de nous parler de la rencontre de cet apr\u00e8s-midi. Une rencontre qu\u2019il a qualifi\u00e9e de difficile. \u00abLes matchs de Coupe d\u2019Alg\u00e9rie ont souvent r\u00e9serv\u00e9 des surprises, c\u2019est pour cette raison que nous sommes appel\u00e9s \u00e0 \u00eatre vigilants. Nous avons mis en garde les joueurs, ils ne peuvent pas sous estimer cette \u00e9quipe de l\u2019ASMO car ca risque de nous couter ch\u00e8re. Le message est bien pass\u00e9, nous sommes d\u00e9cid\u00e9s de bien g\u00e9rer cette sortie et valider ainsi notre billet pour les 8es de finale. Nous voulons aller au bout et ce n\u2019est que sur le terrain qu\u2019on pourra atteindre cet objectif.\u00bb<\/p>\n<p><strong>\u00abLes joueurs savent ce qu\u2019on attend d\u2019eux\u00bb<\/strong><br \/>L\u2019ancien coach du Nasria ne s\u2019est pas arr\u00eat\u00e9 l\u00e0, puisqu\u2019il a ajout\u00e9 : \u00abLes joueurs savent ce qu\u2019on attend d\u2019eux. Les supporters aussi suivront cette rencontre avec un grand int\u00e9r\u00eat et nous ne voulons pas passer \u00e0 c\u00f4t\u00e9 de la plaque une nouvelle fois. Il faut s\u2019attendre \u00e0 ce que la partie soit serr\u00e9e mais je pense que nous disposons d\u2019assez d\u2019atouts pour g\u00e9rer du mieux possible cette rencontre et \u00e9viter par la m\u00eame occasion une mauvaise surprise.\u00bb<\/p>\n<p><strong>\u00abL\u2019occasion de relever la t\u00eate\u00bb<\/strong><br \/>Pour terminer, celui qui a eu aussi des exp\u00e9riences \u00e0 la JSK et le RCA a dit : \u00abNous avons perdu nos derniers matchs en championnat mais ce jeudi nous aurons une bonne occasion pour relever la t\u00eate, il va falloir bien la saisir. Une victoire pourra nous faire un \u00e9norme bien et c\u2019est pour cette raison que nous allons faire de notre mieux afin de r\u00e9aliser la meilleure performance possible.\u00bb Les Oranais sont donc pr\u00e9venus, les Usmistes se pr\u00e9senteront au stade Habib-Bouakeul pour se refaire une sant\u00e9.<br \/>\u00a0<\/p>\n<p><strong>Une qualification pour retrouver le sourire<\/strong><\/p>\n<p>Sur une s\u00e9rie de cinq rencontres sans victoire toutes comp\u00e9titions confondues, c\u2019est aujourd\u2019hui que les Rouge et Noir enchaineront avec un nouveau match officiel. Cette fois-ci, ils joueront \u00e0 Oran ou ils seront re\u00e7us au stade Habib-Bouakeul par l\u2019ASMO \u00e0 l\u2019occasion des 16es de finale de la Coupe d\u2019Alg\u00e9rie. Le coup d\u2019envoi programm\u00e9 \u00e0 14h, les Alg\u00e9rois tenteront donc de gagner afin de valider leur ticket pour le prochain tour mais aussi et surtout car ce n\u2019est qu\u2019une telle mani\u00e8re de mettre fin \u00e0 cette mauvaise passe. Dans l\u2019obligation de r\u00e9agir apr\u00e8s tout ce qu\u2019ils ont endur\u00e9 ces derni\u00e8res semaines, c\u2019est donc dos au mur qu\u2019ils aborderont le rendez-vous de cet apr\u00e8s-midi. Rappelons que pour cette confrontation, les membres du staff technique seront oblig\u00e9s de se passer des services d\u2019Abdelkrim Zouari, suspendu, mais aussi de ceux de Hamra, bless\u00e9. Mustapha Kheiraoui, quant \u00e0 lui, n\u2019a pas \u00e9t\u00e9 du voyage et a \u00e9t\u00e9 \u00e9cart\u00e9 pour des raisons purement techniques. Mohamed Rabie Meftah, \u00e0 l\u2019arret depuis l\u2019incident qui s\u2019est produit lors du choc face \u00e0 la JSK, a purg\u00e9 et pourra ainsi retrouver sa place dans le onze de Billel Dziri des ce jeudi. Un retour tant attendu vu son grand apport sur et en dehors des terrains.<\/p>\n<p><strong>Les As\u00e9mistes joueront le match de la saison<\/strong><br \/>Sur le papier, les Rouge et Noir aborderont cette rencontre dans la peau du favori m\u00eame s\u2019ils vivent une situation compliqu\u00e9e et qu\u2019ils joueront en dehors de leurs bases. Egalement en crise, les joueurs de l\u2019ASMO disputeront leur match de la saison et essayeront par tous les moyens de cr\u00e9er la surprise. C\u2019est pour cette raison que les Alg\u00e9rois sont appel\u00e9s \u00e0 se montrer vigilants car sous estimer leur adversaire du jour pourrait leur couter ch\u00e8re. Conscients de la tache qui les attend, les partenaires d\u2019Anis Khema\u00efssia doivent respecter l\u2019\u00e9quipe de M\u2019dina J\u2019dida s\u2019ils veulent \u00e9viter le m\u00eame scenario v\u00e9cu par le MCA, leur voisin, puisque ce club a \u00e9t\u00e9 \u00e9limin\u00e9 par le WA Boufarik, un club de la deuxi\u00e8me division amateur faisant couler au passage beaucoup d\u2019encre et de salive.<\/p>\n<p><strong>Une 9e coupe fait d\u00e9j\u00e0 r\u00eaver les Usmistes<\/strong><br \/>La derni\u00e8re fois que l\u2019USMA a remport\u00e9 la Coupe d\u2019Alg\u00e9rie, c\u2019\u00e9tait en 2013 lors de la fameuse finale contre les Mouloud\u00e9ens gagn\u00e9e sur le score d\u2019un but \u00e0 z\u00e9ro, un but sign\u00e9 Mokhtar Benmoussa d\u2019un coup franc direct. Champions la saison pass\u00e9e, les Usmistes r\u00eavent d\u2019un nouveau troph\u00e9e en 2020 et cette comp\u00e9tition que Dziri et ses joueurs retrouveront des cet apr\u00e8s-midi commencer \u00e0 les faire r\u00eaver surtout qu\u2019en cas de qualification en cette fin de semaine, les Alg\u00e9rois recevront l\u2019ASO Chlef lors du prochain tour. S\u2019ils parviendront \u00e0 franchir cette nouvelle \u00e9tape, ils auront comme adversaire le PAC, l\u2019ES Guelma ou le MC El Bayadh. En quart de finale, c\u2019est la seconde manche qui se d\u00e9roulera \u00e0 Bologhine alors que le match aller aura lieu \u00e0 l\u2019ext\u00e9rieur. La balle \u00e9tant dans leur camp, c\u2019est \u00e0 pr\u00e9sent au jeune Mahious et ses co\u00e9quipiers de se montrer \u00e0 la hauteur.<br \/>\u00a0<\/p>\n<p><strong>Publi\u00e9 dans :<\/strong> <span>Kheiraoui<\/span> <span>ASMO &#8211; USMA : Zemiti<\/span><\/p>\n<\/div>\n<p>Auteur:<br \/>\n<a href=\"http:\/\/www.lebuteur.com\/article\/detail?titre=asmo-usma-zemiti-determines-a-nous-qualifier&#038;id=94785&#038;utm_source=feedburner&#038;utm_medium=feed&#038;utm_campaign=Feed%3A+GalerieFArtciles+%28Les+derniers+articles++-+lebuteur.com%29\">Cliquez ici pour lire l&rsquo;article depuis sa source.<\/a><\/p>\n","protected":false},"excerpt":{"rendered":"<p>Auteur : Adel Cheraki jeudi 13 f\u00e9vrier 2020 12:42 Contact\u00e9 au bout du fil, Farid Zemiti, le bras droit de Billel Dziri, a accept\u00e9 de nous parler de la rencontre de cet apr\u00e8s-midi. Une rencontre qu\u2019il a qualifi\u00e9e de difficile. \u00abLes matchs de Coupe d\u2019Alg\u00e9rie ont souvent r\u00e9serv\u00e9 des surprises, c\u2019est pour cette raison que [&hellip;]<\/p>\n","protected":false},"author":1738,"featured_media":75993,"comment_status":"closed","ping_status":"closed","sticky":false,"template":"","format":"standard","meta":{"fifu_image_url":"","fifu_image_alt":"","footnotes":""},"categories":[53,75],"tags":[],"class_list":["post-75992","post","type-post","status-publish","format-standard","has-post-thumbnail","hentry","category-algerie","category-sport"],"_links":{"self":[{"href":"https:\/\/linitiative.ca\/International\/wp-json\/wp\/v2\/posts\/75992","targetHints":{"allow":["GET"]}}],"collection":[{"href":"https:\/\/linitiative.ca\/International\/wp-json\/wp\/v2\/posts"}],"about":[{"href":"https:\/\/linitiative.ca\/International\/wp-json\/wp\/v2\/types\/post"}],"author":[{"embeddable":true,"href":"https:\/\/linitiative.ca\/International\/wp-json\/wp\/v2\/users\/1738"}],"replies":[{"embeddable":true,"href":"https:\/\/linitiative.ca\/International\/wp-json\/wp\/v2\/comments?post=75992"}],"version-history":[{"count":0,"href":"https:\/\/linitiative.ca\/International\/wp-json\/wp\/v2\/posts\/75992\/revisions"}],"wp:featuredmedia":[{"embeddable":true,"href":"https:\/\/linitiative.ca\/International\/wp-json\/"}],"wp:attachment":[{"href":"https:\/\/linitiative.ca\/International\/wp-json\/wp\/v2\/media?parent=75992"}],"wp:term":[{"taxonomy":"category","embeddable":true,"href":"https:\/\/linitiative.ca\/International\/wp-json\/wp\/v2\/categories?post=75992"},{"taxonomy":"post_tag","embeddable":true,"href":"https:\/\/linitiative.ca\/International\/wp-json\/wp\/v2\/tags?post=75992"}],"curies":[{"name":"wp","href":"https:\/\/api.w.org\/{rel}","templated":true}]}}