{"id":75994,"date":"2020-02-13T15:14:25","date_gmt":"2020-02-13T20:14:25","guid":{"rendered":"https:\/\/linitiative.ca\/International\/pros-moreno-slimani-marquer-cest-toujours-tres-important\/"},"modified":"2020-02-13T15:14:25","modified_gmt":"2020-02-13T20:14:25","slug":"pros-moreno-slimani-marquer-cest-toujours-tres-important","status":"publish","type":"post","link":"https:\/\/linitiative.ca\/International\/pros-moreno-slimani-marquer-cest-toujours-tres-important\/","title":{"rendered":"Pros : Moreno : \u00abSlimani ? Marquer, c\u2019est toujours tr\u00e8s important\u00bb"},"content":{"rendered":"<div readability=\"32\">\n<p>Auteur : <span>Riad O.<\/span> <span class=\"time\">jeudi 13 f\u00e9vrier 2020 15:38<\/span><\/p>\n<\/div>\n<div id=\"post_core\" readability=\"41\">\n<p>Pr\u00e9sent en conf\u00e9rence de presse avant le match de demain contre Montpellier, l\u2019entra\u00eeneur de l\u2019AS Monaco, Robert Moreno a, de nouveau, \u00e9t\u00e9 interrog\u00e9 sur son attaquant Alg\u00e9rien, Islam Slimani\u00a0:\u00a0\u00abSlimani ? Marquer, c\u2019est toujours tr\u00e8s important. Il s\u2019entraine avec nous \u00e0 un bon niveau. Ce n\u2019\u00e9tait pas une bonne situation pour l\u2019\u00e9quipe que Slimani ne soit pas dans le groupe. Je veux avoir tous les joueurs \u00e0 disposition.\u00bb a-t-il d\u00e9clar\u00e9.<\/p>\n<p><strong>Publi\u00e9 dans :<\/strong> <span>slimani<\/span><\/p>\n<\/div>\n<p>Auteur:<br \/>\n<a href=\"http:\/\/www.lebuteur.com\/article\/detail?titre=moreno-slimani-marquer-cest-toujours-tres-important&#038;id=94791&#038;utm_source=feedburner&#038;utm_medium=feed&#038;utm_campaign=Feed%3A+GalerieFArtciles+%28Les+derniers+articles++-+lebuteur.com%29\">Cliquez ici pour lire l&rsquo;article depuis sa source.<\/a><\/p>\n","protected":false},"excerpt":{"rendered":"<p>Auteur : Riad O. jeudi 13 f\u00e9vrier 2020 15:38 Pr\u00e9sent en conf\u00e9rence de presse avant le match de demain contre Montpellier, l\u2019entra\u00eeneur de l\u2019AS Monaco, Robert Moreno a, de nouveau, \u00e9t\u00e9 interrog\u00e9 sur son attaquant Alg\u00e9rien, Islam Slimani\u00a0:\u00a0\u00abSlimani ? Marquer, c\u2019est toujours tr\u00e8s important. Il s\u2019entraine avec nous \u00e0 un bon niveau. Ce n\u2019\u00e9tait pas [&hellip;]<\/p>\n","protected":false},"author":1738,"featured_media":75995,"comment_status":"closed","ping_status":"closed","sticky":false,"template":"","format":"standard","meta":{"fifu_image_url":"","fifu_image_alt":"","footnotes":""},"categories":[53,75],"tags":[],"class_list":["post-75994","post","type-post","status-publish","format-standard","has-post-thumbnail","hentry","category-algerie","category-sport"],"_links":{"self":[{"href":"https:\/\/linitiative.ca\/International\/wp-json\/wp\/v2\/posts\/75994","targetHints":{"allow":["GET"]}}],"collection":[{"href":"https:\/\/linitiative.ca\/International\/wp-json\/wp\/v2\/posts"}],"about":[{"href":"https:\/\/linitiative.ca\/International\/wp-json\/wp\/v2\/types\/post"}],"author":[{"embeddable":true,"href":"https:\/\/linitiative.ca\/International\/wp-json\/wp\/v2\/users\/1738"}],"replies":[{"embeddable":true,"href":"https:\/\/linitiative.ca\/International\/wp-json\/wp\/v2\/comments?post=75994"}],"version-history":[{"count":0,"href":"https:\/\/linitiative.ca\/International\/wp-json\/wp\/v2\/posts\/75994\/revisions"}],"wp:featuredmedia":[{"embeddable":true,"href":"https:\/\/linitiative.ca\/International\/wp-json\/"}],"wp:attachment":[{"href":"https:\/\/linitiative.ca\/International\/wp-json\/wp\/v2\/media?parent=75994"}],"wp:term":[{"taxonomy":"category","embeddable":true,"href":"https:\/\/linitiative.ca\/International\/wp-json\/wp\/v2\/categories?post=75994"},{"taxonomy":"post_tag","embeddable":true,"href":"https:\/\/linitiative.ca\/International\/wp-json\/wp\/v2\/tags?post=75994"}],"curies":[{"name":"wp","href":"https:\/\/api.w.org\/{rel}","templated":true}]}}